{"id":223675,"date":"2026-01-10T16:12:08","date_gmt":"2026-01-10T16:12:08","guid":{"rendered":"https:\/\/www.europesays.com\/pt\/223675\/"},"modified":"2026-01-10T16:12:08","modified_gmt":"2026-01-10T16:12:08","slug":"tomas-transformou-a-quinta-dos-avos-num-refugio-com-jacuzzi-ao-ar-livre-na-serra-da-estrela-nit","status":"publish","type":"post","link":"https:\/\/www.europesays.com\/pt\/223675\/","title":{"rendered":"Tom\u00e1s transformou a quinta dos av\u00f3s num ref\u00fagio com jacuzzi ao ar livre na Serra da Estrela \u2014 NiT"},"content":{"rendered":"<p>Tom\u00e1s Albuquerque passou uma inf\u00e2ncia de sonho na quinta dos av\u00f3s, Ant\u00f3nio e Maria Ana, em Fornos de Algodres, na Serra da Estrela \u2014 daquelas ao melhor estilo de Tom Sawyer. Desde muito cedo, lembra-se do contacto com a natureza, as longas caminhadas pelos montes de granito, pelos pinhais e as brincadeiras no meio do olival com as irm\u00e3s.\u00a0<\/p>\n<p>\u201cNo fundo, recordo-me de um tempo de comunh\u00e3o em fam\u00edlia, mas tamb\u00e9m de divers\u00e3o dentro do contexto da natureza\u201d, conta \u00e0 NiT o lisboeta de 34 anos, licenciado em Economia. <strong>\u201cAs mem\u00f3rias que tenho \u00e9 que sempre que l\u00e1 entro, parece que consigo desligar do mundo exterior.\u201d<\/strong><\/p>\n<p>O terreno, que tem cerca de 90 hectares, est\u00e1 na fam\u00edlia Albuquerque h\u00e1 mais de um s\u00e9culo, mas s\u00f3 nos anos 90 \u00e9 que ali foi constru\u00edda uma casa. At\u00e9 essa altura, o espa\u00e7o era essencialmente utilizado para trabalhos no campo.<\/p>\n<p>Desde a constru\u00e7\u00e3o da propriedade, os familiares habituaram-se a passar f\u00e9rias na regi\u00e3o, para aproveitar ao m\u00e1ximo tudo o que o campo tinha para oferecer. H\u00e1 cerca de dois anos, por\u00e9m, tiveram a ideia de abrir as portas da quinta para outras pessoas. E assim arrancaram as obras para transformar o espa\u00e7o num turismo rural para futuros h\u00f3spedes.<\/p>\n<p>\u201cComo a regi\u00e3o \u00e9 bastante fria, coloc\u00e1mos ar condicionado e janelas isoladas\u201d, explica Tom\u00e1s. Depois de a fam\u00edlia receber informalmente amigos e conhecidos durante alguns meses, decidiu, em outubro do ano passado, arrancar oficialmente com o projeto.<\/p>\n<p><strong>A Quinta da Regada, hoje gerida por Tom\u00e1s e outros familiares, conta atualmente com duas casas, uma ao lado da outra. A principal \u00e9 composta por um quarto duplo, dois quartos de casal e uma cozinha comum<\/strong>. J\u00e1 a segunda s\u00f3 \u00e9 aberta quando \u201ch\u00e1 grupos maiores que precisam de quartos extra.\u201d<\/p>\n<p>Quanto \u00e0 decora\u00e7\u00e3o, a fam\u00edlia procurou manter todos os apontamentos que foram colocados na propriedade ao longo dos anos. \u201cFoi feito ao longo do tempo pelos meus pais, com coisas dos meus av\u00f3s\u201d, sublinha.<\/p>\n<p>\u201c\u00c9 uma decora\u00e7\u00e3o tradicional e cl\u00e1ssica. N\u00e3o houve um processo muito formal, simplesmente foi uma evolu\u00e7\u00e3o da hist\u00f3ria da casa que naturalmente levou a acolher as pessoas quase como se fossem parte da fam\u00edlia.\u201d<\/p>\n<p><img decoding=\"async\" loading=\"lazy\" class=\"wp-image-1561821 size-full\" src=\"https:\/\/www.europesays.com\/pt\/wp-content\/uploads\/2026\/01\/dc11f708ec205adf5b15e822ee5f0f0a.jpg\" alt=\"\" width=\"1280\" height=\"907\"  \/>O jacuzzi com vista para o olival.<\/p>\n<p>O grande destaque da quinta \u00e9, como seria de esperar, o espa\u00e7o ao ar livre. Por isso mesmo, foi constru\u00eddo um jacuzzi exterior aquecido a lenha e um tanque de granito, que era utilizado para lavar roupa, mas que foi convertido num espa\u00e7o para os h\u00f3spedes se refrescarem durante o ver\u00e3o.<\/p>\n<p>\u201cA \u00e1gua vem de uma nascente da quinta e flui diretamente para este tanque, onde as pessoas tomam banhos muito gelados quando est\u00e3o 40 graus l\u00e1 fora\u201d, partilha Tom\u00e1s. <strong>H\u00e1 ainda redes penduradas entre as \u00e1rvores para descansar ao som dos p\u00e1ssaros ou at\u00e9 ver as estrelas \u00e0 noite.<\/strong><\/p>\n<p>Todas as manh\u00e3s, os h\u00f3spedes podem tamb\u00e9m olhar pela janela para ver o rebanho de ovelhas da quinta a passar pela propriedade, bem como os dois c\u00e3es pastores que o acompanham com disciplina militar.<\/p>\n<p>Ali\u00e1s, a Quinta da Regada permite ainda que os visitantes levem os seus pr\u00f3prios animais de companhia, sem qualquer custo adicional. No entanto, deixa um aviso: \u00e9 preciso que os c\u00e3es, sobretudo, saibam comportar-se perante aos outros animais da quinta.<\/p>\n<p>A propriedade tem capacidade para receber o m\u00e1ximo de 10 h\u00f3spedes. As di\u00e1rias come\u00e7am nos 175\u20ac na \u00e9poca baixa, nos 195\u20ac para dezembro, abril, maio e junho; e nos 245\u20ac para julho e agosto.<\/p>\n<p>As reservas das estadias podem ser feitas <a href=\"https:\/\/regada.pt\/pt-pt\/reservar\/\" target=\"_blank\" rel=\"noopener nofollow\">online<\/a>.\u00a0<\/p>\n<p>Carregue na galeria para ver algumas fotografias da Quinta da Regada.<\/p>\n<p>\tFICHA T\u00c9CNICA<\/p>\n<ul>\n<li><strong>MORADA<\/strong><br \/>Rua Abel dos Santos Rita, Estrada de Vila Franca<br \/>6370-401<\/li>\n<\/ul>\n<p><strong>PRE\u00c7O M\u00c9DIO<\/strong><br \/>entre 151\u20ac e 250\u20ac<\/p>\n","protected":false},"excerpt":{"rendered":"Tom\u00e1s Albuquerque passou uma inf\u00e2ncia de sonho na quinta dos av\u00f3s, Ant\u00f3nio e Maria Ana, em Fornos de&hellip;\n","protected":false},"author":2,"featured_media":223676,"comment_status":"","ping_status":"","sticky":false,"template":"","format":"standard","meta":{"footnotes":""},"categories":[8],"tags":[27,28,15,16,14,25,26,21,22,12,13,19,20,32,23,24,33,17,18,29,30,31],"class_list":{"0":"post-223675","1":"post","2":"type-post","3":"status-publish","4":"format-standard","5":"has-post-thumbnail","7":"category-principais-noticias","8":"tag-breaking-news","9":"tag-breakingnews","10":"tag-featured-news","11":"tag-featurednews","12":"tag-headlines","13":"tag-latest-news","14":"tag-latestnews","15":"tag-main-news","16":"tag-mainnews","17":"tag-news","18":"tag-noticias","19":"tag-noticias-principais","20":"tag-noticiasprincipais","21":"tag-portugal","22":"tag-principais-noticias","23":"tag-principaisnoticias","24":"tag-pt","25":"tag-top-stories","26":"tag-topstories","27":"tag-ultimas","28":"tag-ultimas-noticias","29":"tag-ultimasnoticias"},"share_on_mastodon":{"url":"https:\/\/pubeurope.com\/@pt\/115871688029885467","error":""},"_links":{"self":[{"href":"https:\/\/www.europesays.com\/pt\/wp-json\/wp\/v2\/posts\/223675","targetHints":{"allow":["GET"]}}],"collection":[{"href":"https:\/\/www.europesays.com\/pt\/wp-json\/wp\/v2\/posts"}],"about":[{"href":"https:\/\/www.europesays.com\/pt\/wp-json\/wp\/v2\/types\/post"}],"author":[{"embeddable":true,"href":"https:\/\/www.europesays.com\/pt\/wp-json\/wp\/v2\/users\/2"}],"replies":[{"embeddable":true,"href":"https:\/\/www.europesays.com\/pt\/wp-json\/wp\/v2\/comments?post=223675"}],"version-history":[{"count":0,"href":"https:\/\/www.europesays.com\/pt\/wp-json\/wp\/v2\/posts\/223675\/revisions"}],"wp:featuredmedia":[{"embeddable":true,"href":"https:\/\/www.europesays.com\/pt\/wp-json\/wp\/v2\/media\/223676"}],"wp:attachment":[{"href":"https:\/\/www.europesays.com\/pt\/wp-json\/wp\/v2\/media?parent=223675"}],"wp:term":[{"taxonomy":"category","embeddable":true,"href":"https:\/\/www.europesays.com\/pt\/wp-json\/wp\/v2\/categories?post=223675"},{"taxonomy":"post_tag","embeddable":true,"href":"https:\/\/www.europesays.com\/pt\/wp-json\/wp\/v2\/tags?post=223675"}],"curies":[{"name":"wp","href":"https:\/\/api.w.org\/{rel}","templated":true}]}}