{"id":223681,"date":"2026-01-10T16:17:20","date_gmt":"2026-01-10T16:17:20","guid":{"rendered":"https:\/\/www.europesays.com\/pt\/223681\/"},"modified":"2026-01-10T16:17:20","modified_gmt":"2026-01-10T16:17:20","slug":"radio-educadora-fm-dois-vizinhos-pr-41","status":"publish","type":"post","link":"https:\/\/www.europesays.com\/pt\/223681\/","title":{"rendered":"R\u00e1dio Educadora FM &#8211; Dois Vizinhos PR."},"content":{"rendered":"<p>\n                            A a\u00e7\u00e3o foi desencadeada ap\u00f3s den\u00fancias da popula\u00e7\u00e3o, que relatou inseguran\u00e7a, preju\u00edzos e atividades criminosas em \u00e1reas p\u00fablicas invadidas irregularmente                        <\/p>\n<p style=\"text-align: justify;\">Na manh\u00e3 desta sexta-feira (9), o Prefeito de Dois Vizinhos, Luiz Carlos Turatto, se reuniu com secret\u00e1rios, for\u00e7as de seguran\u00e7a e \u00f3rg\u00e3os respons\u00e1veis para tratar de invas\u00f5es de terrenos p\u00fablicos nos bairros Zenci, Mererick e Vit\u00f3ria.<br \/>A a\u00e7\u00e3o foi desencadeada ap\u00f3s den\u00fancias da popula\u00e7\u00e3o, que relatou inseguran\u00e7a, preju\u00edzos e atividades criminosas em \u00e1reas p\u00fablicas invadidas irregularmente. As equipes da Prefeitura estiveram nos bairros para realizar vistorias t\u00e9cnicas e tomar as medidas legais necess\u00e1rias, incluindo a desocupa\u00e7\u00e3o das \u00e1reas e a responsabiliza\u00e7\u00e3o dos envolvidos.<br \/>&#8220;O compromisso da administra\u00e7\u00e3o municipal \u00e9 proteger as fam\u00edlias, garantir a ordem e assegurar que a seguran\u00e7a da popula\u00e7\u00e3o esteja sempre em primeiro lugar&#8221;, afirmou o Prefeito Luiz Carlos Turatto.<br \/>A Prefeitura de Dois Vizinhos refor\u00e7a que n\u00e3o tolerar\u00e1 invas\u00f5es de terrenos p\u00fablicos e trabalhar\u00e1 para garantir a seguran\u00e7a e o bem-estar da popula\u00e7\u00e3o.<br \/>Rep\u00f3rter Islan Roque\/Portal Educadora<br \/>Com informa\u00e7\u00f5es da Assessoria <\/p>\n","protected":false},"excerpt":{"rendered":"A a\u00e7\u00e3o foi desencadeada ap\u00f3s den\u00fancias da popula\u00e7\u00e3o, que relatou inseguran\u00e7a, preju\u00edzos e atividades criminosas em \u00e1reas p\u00fablicas&hellip;\n","protected":false},"author":2,"featured_media":223682,"comment_status":"","ping_status":"","sticky":false,"template":"","format":"standard","meta":{"footnotes":""},"categories":[141],"tags":[3050,3056,3054,3055,3051,3052,114,115,1914,1915,149,150,3053,32,33,766],"class_list":{"0":"post-223681","1":"post","2":"type-post","3":"status-publish","4":"format-standard","5":"has-post-thumbnail","7":"category-musica","8":"tag-am","9":"tag-ao-vivo","10":"tag-dois-vizinhos","11":"tag-doisvizinhos","12":"tag-educadora","13":"tag-educadoradv","14":"tag-entertainment","15":"tag-entretenimento","16":"tag-fm","17":"tag-mp3","18":"tag-music","19":"tag-musica","20":"tag-player","21":"tag-portugal","22":"tag-pt","23":"tag-radio"},"share_on_mastodon":{"url":"https:\/\/pubeurope.com\/@pt\/115871707593934996","error":""},"_links":{"self":[{"href":"https:\/\/www.europesays.com\/pt\/wp-json\/wp\/v2\/posts\/223681","targetHints":{"allow":["GET"]}}],"collection":[{"href":"https:\/\/www.europesays.com\/pt\/wp-json\/wp\/v2\/posts"}],"about":[{"href":"https:\/\/www.europesays.com\/pt\/wp-json\/wp\/v2\/types\/post"}],"author":[{"embeddable":true,"href":"https:\/\/www.europesays.com\/pt\/wp-json\/wp\/v2\/users\/2"}],"replies":[{"embeddable":true,"href":"https:\/\/www.europesays.com\/pt\/wp-json\/wp\/v2\/comments?post=223681"}],"version-history":[{"count":0,"href":"https:\/\/www.europesays.com\/pt\/wp-json\/wp\/v2\/posts\/223681\/revisions"}],"wp:featuredmedia":[{"embeddable":true,"href":"https:\/\/www.europesays.com\/pt\/wp-json\/wp\/v2\/media\/223682"}],"wp:attachment":[{"href":"https:\/\/www.europesays.com\/pt\/wp-json\/wp\/v2\/media?parent=223681"}],"wp:term":[{"taxonomy":"category","embeddable":true,"href":"https:\/\/www.europesays.com\/pt\/wp-json\/wp\/v2\/categories?post=223681"},{"taxonomy":"post_tag","embeddable":true,"href":"https:\/\/www.europesays.com\/pt\/wp-json\/wp\/v2\/tags?post=223681"}],"curies":[{"name":"wp","href":"https:\/\/api.w.org\/{rel}","templated":true}]}}