{"id":223698,"date":"2026-01-10T16:31:10","date_gmt":"2026-01-10T16:31:10","guid":{"rendered":"https:\/\/www.europesays.com\/pt\/223698\/"},"modified":"2026-01-10T16:31:10","modified_gmt":"2026-01-10T16:31:10","slug":"prefeitura-de-uniao-do-oeste-decreta-luto-oficial-apos-tragedia-familiar-com-tres-mortes-novafm103-com-br","status":"publish","type":"post","link":"https:\/\/www.europesays.com\/pt\/223698\/","title":{"rendered":"Prefeitura de Uni\u00e3o do Oeste decreta luto oficial ap\u00f3s trag\u00e9dia familiar com tr\u00eas mortes &#8211; novafm103.com.br"},"content":{"rendered":"<ol>\n<li><a href=\"https:\/\/news.google.com\/rss\/articles\/CBMiVkFVX3lxTFBtdFNYSU96LXNRYzVYSUFsdG9DNGpjazhTNkxIaEkxWHhlMzQ3RVd0VDY0bHBVSEtQRktkd2V0S0J4Y282SjlsU3ZPcENyNFRycjdsUVZR?oc=5\" target=\"_blank\" rel=\"nofollow noopener\">Prefeitura de Uni\u00e3o do Oeste decreta luto oficial ap\u00f3s trag\u00e9dia familiar com tr\u00eas mortes<\/a>&nbsp;&nbsp;novafm103.com.br<\/li>\n<li><a href=\"https:\/\/news.google.com\/rss\/articles\/CBMi2AFBVV95cUxQU0xyOGFPNllSV3lDNjFPVXZRYk5TUHFtVkl1ZWJTTkJzNXQ3RWY1WW42bllKckRnUUp1N0JaNUJGZlIwaWVIdTkxUEhoOG5QLWl5ODhnby1rRktyZElCYVl2RW9aUllTZG9DT09kd2drdjNtLTdyNzhhMXVyUS1sU0UyM0ZFbE13TVN6R1p5T3h5Y0VCOXhTalR4ZEJIaUhmMVdBaEZscGw5VzZtdEtNRVJCcE9iWlpUTDdVREtydXM2M1RrdTJNNEZ1SHlBV0J5MVcybmlJYnE?oc=5\" target=\"_blank\" rel=\"nofollow noopener\">SC: Suspeito de matar esposa e filha a facadas morre em confronto com a PM<\/a>&nbsp;&nbsp;UOL Not\u00edcias<\/li>\n<li><a href=\"https:\/\/news.google.com\/rss\/articles\/CBMiugFBVV95cUxQM0ZpRGh4dmI3U0Y0YVQ5NlVLZVRxOTlwTzFVZDRzc21TcEdWR290YWc4Tms3TnFsTExxQ2MtaWd1YTFVMk1HdlItSXEyTEliVEF4b1BBWlRITDV1VnZhNEozNkkxM2gzck1jdkNHckh5T2VaUE9PTmJBMlVpSXh6UlpfMVRZUE9tU203M3RQZVdxSWdYamd6bUdHTnhHVFZYSEJjWEVLa3VvRHp0R2wtc3B0UUlMbDVmcWc?oc=5\" target=\"_blank\" rel=\"nofollow noopener\">Casa onde homem matou filha e esposa tinha vela acesa e bocas do fog\u00e3o abertas em SC, diz PM<\/a>&nbsp;&nbsp;ND Mais<\/li>\n<li><a href=\"https:\/\/news.google.com\/rss\/articles\/CBMitAFBVV95cUxNcWNCUENzZ2pmV3R1OTVOSmt5WXIzVjBXd2ZPdGMzdHlfbm5FbXlLNkltVVdENnBHNmRadHQ4QTlIaUVDVW1QZmxsSWk2OFpHZVFVWGFCQ3Q3ZVkyQnhyR1YycE1Id2QwNlZQbEpDVkpPOHpTN21XRVA3UFlLV1ZxWmkxVWdOSzB2eEFId0R0NHI3VHVwVlR6a2ZnbHpPa1EyNXNVMjJyMkRGSzl4WFFkWGV6V1DSAcMBQVVfeXFMT21haUV2RHl5V3hEcGtOLWYtX1hUbllnV0J2SnJBU3B0dVBHZVhZMzJLTU1nVFJrQ1hHRUJhY0dQX0NwWk1WMEoyTWl6MmZTdTMxWXFVZ2dQbzVDNkNHeGU3bmFuVHZ6bUhvd00wYm5hVDVRR0hjLWQxQTBqSUpzcXVGbjBNNlQtenpFbW5Xbm5JbDg2Tndnc1VJbzVlM3JWT0JIX0F4RFMwdmpSZ29CYUp1dVMzZ2tuLTQ5czlrcWVvT1F3?oc=5\" target=\"_blank\" rel=\"nofollow noopener\">&#8216;Cora\u00e7\u00e3o est\u00e1 em peda\u00e7os&#8217;, diz irm\u00e3 e tia de v\u00edtimas mortas a facadas em SC<\/a>&nbsp;&nbsp;G1<\/li>\n<li><a href=\"https:\/\/news.google.com\/rss\/articles\/CBMigwFBVV95cUxQdWFDV0xIX1gxRmZwTVR3ZGxlTmhZSG5QUDRoWGFhNEh1Vmt0b3E4WTJuR1pMMTlQNGlNdEh2clFvbWVFU0JER01xM2wxc0w2SlZrc2E1MkZfNzRUZmdvUHJaUG5xRVpKVFNvaXl1cWszS1BibTVOWGJfX1hoMWFvTmZRRQ?oc=5\" target=\"_blank\" rel=\"nofollow noopener\">Nota de luto, indigna\u00e7\u00e3o e compromisso. Por Luciane Ceretta<\/a>&nbsp;&nbsp;Upiara.net<\/li>\n<\/ol>\n","protected":false},"excerpt":{"rendered":"Prefeitura de Uni\u00e3o do Oeste decreta luto oficial ap\u00f3s trag\u00e9dia familiar com tr\u00eas mortes&nbsp;&nbsp;novafm103.com.br SC: Suspeito de matar&hellip;\n","protected":false},"author":2,"featured_media":5730,"comment_status":"","ping_status":"","sticky":false,"template":"","format":"standard","meta":{"footnotes":""},"categories":[141],"tags":[114,115,149,150,3100,32,33],"class_list":{"0":"post-223698","1":"post","2":"type-post","3":"status-publish","4":"format-standard","5":"has-post-thumbnail","7":"category-musica","8":"tag-entertainment","9":"tag-entretenimento","10":"tag-music","11":"tag-musica","12":"tag-nova-fm-103-1-fm-pinhalzinho-sc","13":"tag-portugal","14":"tag-pt"},"share_on_mastodon":{"url":"https:\/\/pubeurope.com\/@pt\/115871764655622833","error":""},"_links":{"self":[{"href":"https:\/\/www.europesays.com\/pt\/wp-json\/wp\/v2\/posts\/223698","targetHints":{"allow":["GET"]}}],"collection":[{"href":"https:\/\/www.europesays.com\/pt\/wp-json\/wp\/v2\/posts"}],"about":[{"href":"https:\/\/www.europesays.com\/pt\/wp-json\/wp\/v2\/types\/post"}],"author":[{"embeddable":true,"href":"https:\/\/www.europesays.com\/pt\/wp-json\/wp\/v2\/users\/2"}],"replies":[{"embeddable":true,"href":"https:\/\/www.europesays.com\/pt\/wp-json\/wp\/v2\/comments?post=223698"}],"version-history":[{"count":0,"href":"https:\/\/www.europesays.com\/pt\/wp-json\/wp\/v2\/posts\/223698\/revisions"}],"wp:featuredmedia":[{"embeddable":true,"href":"https:\/\/www.europesays.com\/pt\/wp-json\/wp\/v2\/media\/5730"}],"wp:attachment":[{"href":"https:\/\/www.europesays.com\/pt\/wp-json\/wp\/v2\/media?parent=223698"}],"wp:term":[{"taxonomy":"category","embeddable":true,"href":"https:\/\/www.europesays.com\/pt\/wp-json\/wp\/v2\/categories?post=223698"},{"taxonomy":"post_tag","embeddable":true,"href":"https:\/\/www.europesays.com\/pt\/wp-json\/wp\/v2\/tags?post=223698"}],"curies":[{"name":"wp","href":"https:\/\/api.w.org\/{rel}","templated":true}]}}