{"id":223747,"date":"2026-01-10T17:17:07","date_gmt":"2026-01-10T17:17:07","guid":{"rendered":"https:\/\/www.europesays.com\/pt\/223747\/"},"modified":"2026-01-10T17:17:07","modified_gmt":"2026-01-10T17:17:07","slug":"vingadores-explicacao-sobre-rosto-de-doutor-destino-so-vira-em-guerras-secretas-diz-jornalista","status":"publish","type":"post","link":"https:\/\/www.europesays.com\/pt\/223747\/","title":{"rendered":"Vingadores | Explica\u00e7\u00e3o sobre rosto de Doutor Destino s\u00f3 vir\u00e1 em Guerras Secretas, diz jornalista"},"content":{"rendered":"<p class=\"wp-block-yoast-seo-estimated-reading-time yoast-reading-time__wrapper\">Estimated reading time: 2 minutos<\/p>\n<p>A escala\u00e7\u00e3o de <strong>Robert Downey Jr.<\/strong> como <strong>Doutor Destino<\/strong> pegou o mundo de surpresa, mas quem espera uma explica\u00e7\u00e3o imediata para a semelhan\u00e7a do vil\u00e3o com <strong>Tony Stark<\/strong> em <a href=\"https:\/\/ovicio.com.br\/tag\/vingadores-doutor-destino\" rel=\"nofollow noopener\" target=\"_blank\">Vingadores: Doutor Destino<\/a> pode ter que esperar um pouco mais.<\/p>\n<p>De acordo com novas informa\u00e7\u00f5es do jornalista <strong>John Campea<\/strong>, o motivo pelo qual <strong>Victor Von Doom<\/strong> possui o mesmo rosto do <a href=\"https:\/\/ovicio.com.br\/filme\/homem-de-ferro\" rel=\"nofollow noopener\" target=\"_blank\">Homem de Ferro<\/a> n\u00e3o ser\u00e1 explicado no pr\u00f3ximo filme da equipe.<\/p>\n<p>O relat\u00f3rio aponta que a revela\u00e7\u00e3o desse mist\u00e9rio est\u00e1 sendo guardada para o cap\u00edtulo seguinte da <strong>Saga do Multiverso<\/strong>: <strong>Vingadores: Guerras Secretas<\/strong>.<\/p>\n<p>A decis\u00e3o manteria o suspense em torno da variante (ou nova encarna\u00e7\u00e3o) interpretada por Downey Jr., deixando a audi\u00eancia e os pr\u00f3prios her\u00f3is no escuro durante o primeiro embate.<\/p>\n<p><strong>Robert Downey Jr.<\/strong>, que eternizou o <strong>Homem de Ferro<\/strong> no <strong>MCU<\/strong>, retorna agora como o grande antagonista da <strong>Saga do Multiverso<\/strong>. A dire\u00e7\u00e3o fica novamente a cargo dos <strong>Irm\u00e3os Russo<\/strong>, respons\u00e1veis pelos sucessos <strong>Guerra Infinita<\/strong> e <strong>Ultimato<\/strong>.<\/p>\n<p>No Brasil, <strong>Vingadores: Doutor Destino<\/strong> tem estreia agendada para 17 de dezembro.<\/p>\n<p>Leia tamb\u00e9m sobre Vingadores:<\/p>\n","protected":false},"excerpt":{"rendered":"Estimated reading time: 2 minutos A escala\u00e7\u00e3o de Robert Downey Jr. como Doutor Destino pegou o mundo de&hellip;\n","protected":false},"author":2,"featured_media":223748,"comment_status":"","ping_status":"","sticky":false,"template":"","format":"standard","meta":{"footnotes":""},"categories":[140],"tags":[30690,114,115,147,148,9473,12733,11189,146,32,33,13306,6386,38893,16368],"class_list":{"0":"post-223747","1":"post","2":"type-post","3":"status-publish","4":"format-standard","5":"has-post-thumbnail","7":"category-filmes","8":"tag-doutor-destino","9":"tag-entertainment","10":"tag-entretenimento","11":"tag-film","12":"tag-filmes","13":"tag-homem-de-ferro","14":"tag-marvel-studios","15":"tag-mcu","16":"tag-movies","17":"tag-portugal","18":"tag-pt","19":"tag-robert-downey-jr","20":"tag-vingadores","21":"tag-vingadores-doutor-destino","22":"tag-vingadores-guerras-secretas"},"share_on_mastodon":{"url":"https:\/\/pubeurope.com\/@pt\/115871943603160377","error":""},"_links":{"self":[{"href":"https:\/\/www.europesays.com\/pt\/wp-json\/wp\/v2\/posts\/223747","targetHints":{"allow":["GET"]}}],"collection":[{"href":"https:\/\/www.europesays.com\/pt\/wp-json\/wp\/v2\/posts"}],"about":[{"href":"https:\/\/www.europesays.com\/pt\/wp-json\/wp\/v2\/types\/post"}],"author":[{"embeddable":true,"href":"https:\/\/www.europesays.com\/pt\/wp-json\/wp\/v2\/users\/2"}],"replies":[{"embeddable":true,"href":"https:\/\/www.europesays.com\/pt\/wp-json\/wp\/v2\/comments?post=223747"}],"version-history":[{"count":0,"href":"https:\/\/www.europesays.com\/pt\/wp-json\/wp\/v2\/posts\/223747\/revisions"}],"wp:featuredmedia":[{"embeddable":true,"href":"https:\/\/www.europesays.com\/pt\/wp-json\/wp\/v2\/media\/223748"}],"wp:attachment":[{"href":"https:\/\/www.europesays.com\/pt\/wp-json\/wp\/v2\/media?parent=223747"}],"wp:term":[{"taxonomy":"category","embeddable":true,"href":"https:\/\/www.europesays.com\/pt\/wp-json\/wp\/v2\/categories?post=223747"},{"taxonomy":"post_tag","embeddable":true,"href":"https:\/\/www.europesays.com\/pt\/wp-json\/wp\/v2\/tags?post=223747"}],"curies":[{"name":"wp","href":"https:\/\/api.w.org\/{rel}","templated":true}]}}