{"id":223753,"date":"2026-01-10T17:21:20","date_gmt":"2026-01-10T17:21:20","guid":{"rendered":"https:\/\/www.europesays.com\/pt\/223753\/"},"modified":"2026-01-10T17:21:20","modified_gmt":"2026-01-10T17:21:20","slug":"a-internet-perdeu-o-atrito-e-nos-perdemos-com-isso","status":"publish","type":"post","link":"https:\/\/www.europesays.com\/pt\/223753\/","title":{"rendered":"A internet perdeu o atrito (e n\u00f3s perdemos com isso)"},"content":{"rendered":"<p>    Texto originalmente publicado na newsletter <a href=\"https:\/\/appetrecho.com\/a-internet-perdeu-o-atrito-e-nos-perdemos-com-isso\/?ref=nucleo.jor.br\" rel=\"noreferrer nofollow noopener\" target=\"_blank\">Appetrecho<\/a><\/p>\n<p>Apresentei um aplicativo para meus s\u00f3cios recentemente e obtive tr\u00eas rea\u00e7\u00f5es totalmente diferentes: o Felippe abra\u00e7ou e entrou na hora; a Jade n\u00e3o se interessou nem um mil\u00edmetro, sequer respondeu qualquer mensagem da conversa; j\u00e1 o Orrico foi na linha &#8220;Deus me livre desse neg\u00f3cio&#8221;.<\/p>\n<p>Eu gosto desse app, o\u00a0<a href=\"https:\/\/retro.app\/?ref=appetrecho.com\" rel=\"noreferrer nofollow noopener\" target=\"_blank\">Retro<\/a>, em muitos aspectos \u00e9 tipo um Instagram de 2010. Voc\u00ea s\u00f3 compartilha fotos com seus contatos, n\u00e3o h\u00e1 contagem de seguidores, n\u00e3o tem hashtag, as fotos n\u00e3o tem legenda (mas tem coment\u00e1rios). Sinceramente, estou cansado do Instagram, de ver posts de pessoas que n\u00e3o conhe\u00e7o, de ver Reels insignificantes e baits de engajamento.\u00a0<\/p>\n<p>Acima de tudo, o Instagram me irrita porque, como a maioria dos outros apps de redes sociais, ele torna tudo muito simples pro usu\u00e1rio, sem fric\u00e7\u00e3o. E isso, em meio a todos os seus benef\u00edcios, s\u00f3 nos ajuda a ficarmos ainda mais grudados em nossas telas, em consumir mais conte\u00fado podre, em participar ainda mais dos planos de neg\u00f3cio de Mark Zuckerberg e outros bilion\u00e1rios.\u00a0<\/p>\n<p><img decoding=\"async\" src=\"https:\/\/www.europesays.com\/pt\/wp-content\/uploads\/2026\/01\/Feed.gif\" class=\"kg-image\" alt=\"\" loading=\"lazy\" width=\"1280\" height=\"660\"  \/><\/p>\n<p>Eu n\u00e3o culpo a Jade por n\u00e3o se engajar na minha sugest\u00e3o, e muito menos o Orrico por n\u00e3o se interessar em algo que v\u00e1 dar mais trabalho pra ele entender e reconstruir. A vida digital ininterrupta e fluida \u00e9 c\u00f4moda, confort\u00e1vel \u2013 eu certamente me dou bem com ela.<\/p>\n<p>S\u00f3 que aus\u00eancia de fric\u00e7\u00e3o nos priva de algo fundamentalmente humano, que passamos todos os dias em nossas vidas reais em geral sem nos dar conta: nosso esfor\u00e7o para superar as pequenas coisas no caminho a fim de chegarmos aonde queremos.<\/p>\n<p>Mais ainda, fric\u00e7\u00f5es nos relembram o\u00a0por que\u00a0nossos caminhos s\u00e3o importantes: escolher ir a p\u00e9 ou de bike pro trabalho em vez de pegar um Uber, telefonar pra sua m\u00e3e no anivers\u00e1rio dela em vez de mandar mensagem de texto, cozinhar algo em vez de pedir delivery. N\u00e3o s\u00e3o todas as vezes que a fric\u00e7\u00e3o ganha, mas \u00e9 importante que ela sempre esteja l\u00e1.<\/p>\n<p>                    Receba todas as newsletters, 100% de gra\u00e7a<\/p>\n<p class=\"kg-signup-card-subheading\" style=\"color: #000000;\">Memes, ci\u00eancia, tecnologia e muito mais<\/p>\n<p class=\"kg-signup-card-disclaimer\" style=\"color: #000000;\">N\u00e3o enviamos spam. <a href=\"https:\/\/nucleo.jor.br\/privacidade\" rel=\"noreferrer nofollow noopener\" target=\"_blank\">Veja aqui<\/a> nossa pol\u00edtica de privacidade.<\/p>\n<p>A internet hoje em dia \u00e9 desenhada para tirar esse tipo de ag\u00eancia de n\u00f3s, removendo fric\u00e7\u00e3o onde for poss\u00edvel a fim de facilitar comunica\u00e7\u00e3o, gratifica\u00e7\u00e3o e, claro, venda de produtos e servi\u00e7os de anunciantes. Algumas das mentes mais brilhantes da engenharia moderna est\u00e3o, neste exato momento, trabalhando para voc\u00ea passar 10 minutos a mais no Instagram.<\/p>\n<p>Em um\u00a0<a href=\"https:\/\/www.theatlantic.com\/ideas\/archive\/2025\/10\/validation-ai-raffi-krikorian\/684764\/?ref=appetrecho.com\" rel=\"noreferrer nofollow noopener\" target=\"_blank\">brilhante artigo<\/a>\u00a0(com\u00a0paywall) para a The Atlantic, o chefe de tecnologia da Mozilla, Raffi Krikorian, come\u00e7a assim seu argumento:\u00a0<\/p>\n<blockquote><p>A internet de antigamente era um bazar vibrante. Era barulhenta, ca\u00f3tica e exc\u00eantrica. Cada clique nos levava a algum lugar novo, \u00e0s vezes imprevis\u00edvel, permitindo que voc\u00ea descobrisse curiosidades que nem sabia que procurava. A internet de hoje, no entanto, \u00e9 uma concierge elegante. Pronuncia-se em declara\u00e7\u00f5es suaves e oferece uma experi\u00eancia lisonjeira e sem atritos.<\/p><\/blockquote>\n<p>Ele continua com o chute no est\u00f4mago:\u00a0<\/p>\n<blockquote><p>Isso nos privou de algo profundamente humano: a alegria de explorar e questionar. N\u00f3s nos tornamos, voluntariamente, criaturas da gratifica\u00e7\u00e3o instant\u00e2nea.<\/p><\/blockquote>\n<p>Com as novas ferramentas de intelig\u00eancia artificial generativa (que eu certamente uso tamb\u00e9m), esse tipo de coisa vai ser ainda mais turbinado, a ponto de n\u00e3o mais sermos respons\u00e1veis por escrever nossos emails ou compor nosso pr\u00f3prio curr\u00edculo. Isso \u00e9 p\u00e9ssimo.<\/p>\n<p>Como empreendedor, eu entendo a beleza e a necessidade de ter produtos sem fric\u00e7\u00e3o, de facilitar a vida das pessoas para que nosso neg\u00f3cio tenha sucesso. Isso \u00e9 importante.\u00a0Mas como humano e consumidor, sinto que falta de algo na minha vida digital. Foi por isso que <a href=\"https:\/\/notas.spagnuolo.news\/?ref=appetrecho.com\" rel=\"noreferrer nofollow noopener\" target=\"_blank\">comecei um blog<\/a>, tirei apps de redes sociais do meu celular, removi as cores dos \u00edcones de apps do meu celular, passei a testar apps novos.<\/p>\n<p><img decoding=\"async\" src=\"https:\/\/www.europesays.com\/pt\/wp-content\/uploads\/2026\/01\/engrenagens.gif\" class=\"kg-image\" alt=\"\" loading=\"lazy\" width=\"1280\" height=\"660\"  \/><\/p>\n<p>Alguma fric\u00e7\u00e3o ajuda a tornar nossas vidas mais dignas, a fazer valer a pena conquistar e pensar certas coisas. Se tudo \u00e9 muito mastigado o tempo todo, o sabor do nosso esfor\u00e7o \u00e9 dilu\u00eddo numa sopa de conveni\u00eancias, facilidades e recompensas gratuitas que tem o potencial de nos distanciar ainda mais da intencionalidade de nossas a\u00e7\u00f5es e sentimentos.<\/p>\n<p>&#8220;Quanto mais esses sistemas antecipam e entregam o que queremos, menos percebemos o que est\u00e1 faltando \u2014 ou lembramos que algum dia tivemos uma escolha em primeiro lugar&#8221;, escreveu Krikorian.<\/p>\n<p>Estamos t\u00e3o acostumado \u00e0 facilidade e falta de atrito que sequer lembramos que, para as Big Techs, n\u00f3s n\u00e3o somos os usu\u00e1rios, n\u00f3s somos o produto.<\/p>\n","protected":false},"excerpt":{"rendered":"Texto originalmente publicado na newsletter Appetrecho Apresentei um aplicativo para meus s\u00f3cios recentemente e obtive tr\u00eas rea\u00e7\u00f5es totalmente&hellip;\n","protected":false},"author":2,"featured_media":223754,"comment_status":"","ping_status":"","sticky":false,"template":"","format":"standard","meta":{"footnotes":""},"categories":[84],"tags":[109,107,108,32,33,105,103,104,106,110],"class_list":{"0":"post-223753","1":"post","2":"type-post","3":"status-publish","4":"format-standard","5":"has-post-thumbnail","7":"category-ciencia-e-tecnologia","8":"tag-ciencia","9":"tag-ciencia-e-tecnologia","10":"tag-cienciaetecnologia","11":"tag-portugal","12":"tag-pt","13":"tag-science","14":"tag-science-and-technology","15":"tag-scienceandtechnology","16":"tag-technology","17":"tag-tecnologia"},"share_on_mastodon":{"url":"https:\/\/pubeurope.com\/@pt\/115871959287352264","error":""},"_links":{"self":[{"href":"https:\/\/www.europesays.com\/pt\/wp-json\/wp\/v2\/posts\/223753","targetHints":{"allow":["GET"]}}],"collection":[{"href":"https:\/\/www.europesays.com\/pt\/wp-json\/wp\/v2\/posts"}],"about":[{"href":"https:\/\/www.europesays.com\/pt\/wp-json\/wp\/v2\/types\/post"}],"author":[{"embeddable":true,"href":"https:\/\/www.europesays.com\/pt\/wp-json\/wp\/v2\/users\/2"}],"replies":[{"embeddable":true,"href":"https:\/\/www.europesays.com\/pt\/wp-json\/wp\/v2\/comments?post=223753"}],"version-history":[{"count":0,"href":"https:\/\/www.europesays.com\/pt\/wp-json\/wp\/v2\/posts\/223753\/revisions"}],"wp:featuredmedia":[{"embeddable":true,"href":"https:\/\/www.europesays.com\/pt\/wp-json\/wp\/v2\/media\/223754"}],"wp:attachment":[{"href":"https:\/\/www.europesays.com\/pt\/wp-json\/wp\/v2\/media?parent=223753"}],"wp:term":[{"taxonomy":"category","embeddable":true,"href":"https:\/\/www.europesays.com\/pt\/wp-json\/wp\/v2\/categories?post=223753"},{"taxonomy":"post_tag","embeddable":true,"href":"https:\/\/www.europesays.com\/pt\/wp-json\/wp\/v2\/tags?post=223753"}],"curies":[{"name":"wp","href":"https:\/\/api.w.org\/{rel}","templated":true}]}}