{"id":223781,"date":"2026-01-10T17:47:11","date_gmt":"2026-01-10T17:47:11","guid":{"rendered":"https:\/\/www.europesays.com\/pt\/223781\/"},"modified":"2026-01-10T17:47:11","modified_gmt":"2026-01-10T17:47:11","slug":"sporting-debast-ainda-indisponivel-a-bola","status":"publish","type":"post","link":"https:\/\/www.europesays.com\/pt\/223781\/","title":{"rendered":"Sporting: Debast ainda indispon\u00edvel | A Bola"},"content":{"rendered":"<p>O <a class=\"autolink-enabled\" data-resource-id=\"448\" data-resource-type=\"team\" data-sport=\"football\" href=\"https:\/\/www.abola.pt\/futebol\/sporting-448\" rel=\"nofollow noopener\" target=\"_blank\">Sporting<\/a> despediu-se este s\u00e1bado de uma semana negativa, devido ao afastamento na meia-final da Ta\u00e7a da <a class=\"autolink-enabled\" data-resource-id=\"13\" data-resource-type=\"competition\" data-sport=\"football\" href=\"https:\/\/www.abola.pt\/futebol\/competicao\/liga-portugal-betclic-13\" rel=\"nofollow noopener\" target=\"_blank\">Liga<\/a>, com a convic\u00e7\u00e3o que na ter\u00e7a-feira, quando voltarem aos treinos depois de dois dias de folga, haver\u00e1 fatores favor\u00e1veis em redor da equipa leonina.<\/p>\n<p>Zeno <a class=\"autolink-enabled\" data-resource-id=\"233639\" data-resource-type=\"player\" data-sport=\"football\" href=\"https:\/\/www.abola.pt\/futebol\/jogador\/debast-233639\" rel=\"nofollow noopener\" target=\"_blank\">Debast<\/a> ainda n\u00e3o se treinou este s\u00e1bado na Academia Cristiano Ronaldo, mas os respons\u00e1veis leoninos acreditam que o defesa-central belga ir\u00e1 regressar em breve aos treinos sem limita\u00e7\u00f5es, o que deixa em aberto a possibilidade de pisar o relvado, j\u00e1 na manh\u00e3 de ter\u00e7a-feira, no arranque da prepara\u00e7\u00e3o para o jogo com o <a class=\"autolink-enabled\" data-resource-id=\"4772\" data-resource-type=\"team\" data-sport=\"football\" href=\"https:\/\/www.abola.pt\/futebol\/casa-pia-4772\" rel=\"nofollow noopener\" target=\"_blank\">Casa Pia<\/a>.<\/p>\n<p><a class=\"autolink-enabled\" data-resource-id=\"233639\" data-resource-type=\"player\" data-sport=\"football\" href=\"https:\/\/www.abola.pt\/futebol\/jogador\/debast-233639\" rel=\"nofollow noopener\" target=\"_blank\">Debast<\/a> est\u00e1 praticamente recuperado da les\u00e3o no joelho esquerdo sofrida no jogo da 3.\u00aa jornada da <a class=\"autolink-enabled\" data-resource-id=\"27\" data-resource-type=\"competition\" data-sport=\"football\" href=\"https:\/\/www.abola.pt\/futebol\/competicao\/uefa-champions-league-27\" rel=\"nofollow noopener\" target=\"_blank\">UEFA Champions League<\/a>, com o Marselha, a 22 de outubro, e a equipa t\u00e9cnica leonina acredita que esteja dispon\u00edvel para o pr\u00f3ximo encontro do campeonato, com os casapianos, agendado para o pr\u00f3ximo dia 16.<\/p>\n<p>Para al\u00e9m de <a class=\"autolink-enabled\" data-resource-id=\"233639\" data-resource-type=\"player\" data-sport=\"football\" href=\"https:\/\/www.abola.pt\/futebol\/jogador\/debast-233639\" rel=\"nofollow noopener\" target=\"_blank\">Debast<\/a>, o departamento m\u00e9dico leonino continua os processos de recupera\u00e7\u00e3o dos restantes lesionados <a class=\"autolink-enabled\" data-resource-id=\"7910519\" data-resource-type=\"player\" data-sport=\"football\" href=\"https:\/\/www.abola.pt\/futebol\/jogador\/salvador-blopa-7910519\" rel=\"nofollow noopener\" target=\"_blank\">Salvador Blopa<\/a>, <a class=\"autolink-enabled\" data-resource-id=\"222095\" data-resource-type=\"player\" data-sport=\"football\" href=\"https:\/\/www.abola.pt\/futebol\/jogador\/eduardo-quaresma-222095\" rel=\"nofollow noopener\" target=\"_blank\">Eduardo Quaresma<\/a>, <a class=\"autolink-enabled\" data-resource-id=\"174815\" data-resource-type=\"player\" data-sport=\"football\" href=\"https:\/\/www.abola.pt\/futebol\/jogador\/ricardo-mangas-174815\" rel=\"nofollow noopener\" target=\"_blank\">Mangas<\/a>, <a class=\"autolink-enabled\" data-resource-id=\"295516\" data-resource-type=\"player\" data-sport=\"football\" href=\"https:\/\/www.abola.pt\/futebol\/jogador\/quenda-295516\" rel=\"nofollow noopener\" target=\"_blank\">Quenda<\/a>, <a class=\"autolink-enabled\" data-resource-id=\"8871\" data-resource-type=\"player\" data-sport=\"football\" href=\"https:\/\/www.abola.pt\/futebol\/jogador\/nuno-santos-8871\" rel=\"nofollow noopener\" target=\"_blank\">Nuno Santos<\/a>, <a class=\"autolink-enabled\" data-resource-id=\"183976\" data-resource-type=\"player\" data-sport=\"football\" href=\"https:\/\/www.abola.pt\/futebol\/jogador\/pedro-goncalves-183976\" rel=\"nofollow noopener\" target=\"_blank\">Pedro Gon\u00e7alves<\/a> e <a class=\"autolink-enabled\" data-resource-id=\"187224\" data-resource-type=\"player\" data-sport=\"football\" href=\"https:\/\/www.abola.pt\/futebol\/jogador\/fotis-ioannidis-187224\" rel=\"nofollow noopener\" target=\"_blank\">Ioannidis<\/a>.<\/p>\n<p>Ausente tamb\u00e9m esteve o central <a class=\"autolink-enabled\" data-resource-id=\"271526\" data-resource-type=\"player\" data-sport=\"football\" href=\"https:\/\/www.abola.pt\/futebol\/jogador\/ousmane-diomande-271526\" rel=\"nofollow noopener\" target=\"_blank\">Ousmane Diomande<\/a>, em representa\u00e7\u00e3o da sele\u00e7\u00e3o da Costa do Marfim que joga este s\u00e1bado, pelas 19 horas, com o Egipto para a <a class=\"autolink-enabled\" data-resource-id=\"191\" data-resource-type=\"competition\" data-sport=\"football\" href=\"https:\/\/www.abola.pt\/futebol\/competicao\/can-191\" rel=\"nofollow noopener\" target=\"_blank\">CAN<\/a>.<\/p>\n<p>Este fim-de-semana marca um ponto de viragem no lote de op\u00e7\u00f5es de Rui Borges na medida em que \u00e9 tamb\u00e9m esperada a chega de Faye, o futuro refor\u00e7o leonino, que \u00e9 esperado em Lisboa nas pr\u00f3ximas horas, precisamente para que j\u00e1 posso treinar ter\u00e7a-feira pela manh\u00e3 com os novos companheiros.<\/p>\n","protected":false},"excerpt":{"rendered":"O Sporting despediu-se este s\u00e1bado de uma semana negativa, devido ao afastamento na meia-final da Ta\u00e7a da Liga,&hellip;\n","protected":false},"author":2,"featured_media":189739,"comment_status":"","ping_status":"","sticky":false,"template":"","format":"standard","meta":{"footnotes":""},"categories":[87],"tags":[135,32,33,134],"class_list":{"0":"post-223781","1":"post","2":"type-post","3":"status-publish","4":"format-standard","5":"has-post-thumbnail","7":"category-desporto","8":"tag-desporto","9":"tag-portugal","10":"tag-pt","11":"tag-sports"},"share_on_mastodon":{"url":"https:\/\/pubeurope.com\/@pt\/115872061385180312","error":""},"_links":{"self":[{"href":"https:\/\/www.europesays.com\/pt\/wp-json\/wp\/v2\/posts\/223781","targetHints":{"allow":["GET"]}}],"collection":[{"href":"https:\/\/www.europesays.com\/pt\/wp-json\/wp\/v2\/posts"}],"about":[{"href":"https:\/\/www.europesays.com\/pt\/wp-json\/wp\/v2\/types\/post"}],"author":[{"embeddable":true,"href":"https:\/\/www.europesays.com\/pt\/wp-json\/wp\/v2\/users\/2"}],"replies":[{"embeddable":true,"href":"https:\/\/www.europesays.com\/pt\/wp-json\/wp\/v2\/comments?post=223781"}],"version-history":[{"count":0,"href":"https:\/\/www.europesays.com\/pt\/wp-json\/wp\/v2\/posts\/223781\/revisions"}],"wp:featuredmedia":[{"embeddable":true,"href":"https:\/\/www.europesays.com\/pt\/wp-json\/wp\/v2\/media\/189739"}],"wp:attachment":[{"href":"https:\/\/www.europesays.com\/pt\/wp-json\/wp\/v2\/media?parent=223781"}],"wp:term":[{"taxonomy":"category","embeddable":true,"href":"https:\/\/www.europesays.com\/pt\/wp-json\/wp\/v2\/categories?post=223781"},{"taxonomy":"post_tag","embeddable":true,"href":"https:\/\/www.europesays.com\/pt\/wp-json\/wp\/v2\/tags?post=223781"}],"curies":[{"name":"wp","href":"https:\/\/api.w.org\/{rel}","templated":true}]}}