{"id":223795,"date":"2026-01-10T18:01:12","date_gmt":"2026-01-10T18:01:12","guid":{"rendered":"https:\/\/www.europesays.com\/pt\/223795\/"},"modified":"2026-01-10T18:01:12","modified_gmt":"2026-01-10T18:01:12","slug":"iniciados-benfica-e-sporting-empatam-a-zero-em-alcochete","status":"publish","type":"post","link":"https:\/\/www.europesays.com\/pt\/223795\/","title":{"rendered":"Iniciados: Benfica e Sporting empatam a zero em Alcochete"},"content":{"rendered":"<p style=\"margin-bottom:11px\">Benfica e Sporting empataram a zero no d\u00e9rbi de iniciados em Alcochete, este s\u00e1bado, a contar para a 17.\u00aa jornada e pen\u00faltima jornada da primeira fase do campeonato nacional de iniciados (sub-15).<\/p>\n<p>As duas equipas partiram para o d\u00e9rbi com a certeza de que j\u00e1 estavam apuradas para a fase de apuramento de campe\u00e3o. O Sporting esteve por cima do encontro e garantiu o primeiro lugar, com 45 pontos e sem qualquer derrota, sendo ainda o melhor ataque da prova. O Benfica \u00e9 segundo, com 39 pontos e a melhor defesa.<\/p>\n<p>Na pr\u00f3xima jornada, o Sporting visita a Acad\u00e9mica de Santar\u00e9m e o Benfica recebe o Barreirense.<\/p>\n","protected":false},"excerpt":{"rendered":"Benfica e Sporting empataram a zero no d\u00e9rbi de iniciados em Alcochete, este s\u00e1bado, a contar para a&hellip;\n","protected":false},"author":2,"featured_media":223796,"comment_status":"","ping_status":"","sticky":false,"template":"","format":"standard","meta":{"footnotes":""},"categories":[87],"tags":[51,12194,43181,135,43180,43182,43183,13427,5433,46,8356,32,33,47,8484,5434,5920,34,134],"class_list":{"0":"post-223795","1":"post","2":"type-post","3":"status-publish","4":"format-standard","5":"has-post-thumbnail","7":"category-desporto","8":"tag-benfica","9":"tag-derbi","10":"tag-derbi-iniciados","11":"tag-desporto","12":"tag-iniciados","13":"tag-iniciados-benfica","14":"tag-iniciados-sporting","15":"tag-jogos-de-hoje","16":"tag-jogos-hoje","17":"tag-maisfutebol","18":"tag-maisfutebol-resultados","19":"tag-portugal","20":"tag-pt","21":"tag-pura-paixao","22":"tag-resultados-de-hoje","23":"tag-resultados-hoje","24":"tag-resultados-maisfutebol","25":"tag-sporting","26":"tag-sports"},"share_on_mastodon":{"url":"https:\/\/pubeurope.com\/@pt\/115872116481994000","error":""},"_links":{"self":[{"href":"https:\/\/www.europesays.com\/pt\/wp-json\/wp\/v2\/posts\/223795","targetHints":{"allow":["GET"]}}],"collection":[{"href":"https:\/\/www.europesays.com\/pt\/wp-json\/wp\/v2\/posts"}],"about":[{"href":"https:\/\/www.europesays.com\/pt\/wp-json\/wp\/v2\/types\/post"}],"author":[{"embeddable":true,"href":"https:\/\/www.europesays.com\/pt\/wp-json\/wp\/v2\/users\/2"}],"replies":[{"embeddable":true,"href":"https:\/\/www.europesays.com\/pt\/wp-json\/wp\/v2\/comments?post=223795"}],"version-history":[{"count":0,"href":"https:\/\/www.europesays.com\/pt\/wp-json\/wp\/v2\/posts\/223795\/revisions"}],"wp:featuredmedia":[{"embeddable":true,"href":"https:\/\/www.europesays.com\/pt\/wp-json\/wp\/v2\/media\/223796"}],"wp:attachment":[{"href":"https:\/\/www.europesays.com\/pt\/wp-json\/wp\/v2\/media?parent=223795"}],"wp:term":[{"taxonomy":"category","embeddable":true,"href":"https:\/\/www.europesays.com\/pt\/wp-json\/wp\/v2\/categories?post=223795"},{"taxonomy":"post_tag","embeddable":true,"href":"https:\/\/www.europesays.com\/pt\/wp-json\/wp\/v2\/tags?post=223795"}],"curies":[{"name":"wp","href":"https:\/\/api.w.org\/{rel}","templated":true}]}}