{"id":223819,"date":"2026-01-10T18:20:07","date_gmt":"2026-01-10T18:20:07","guid":{"rendered":"https:\/\/www.europesays.com\/pt\/223819\/"},"modified":"2026-01-10T18:20:07","modified_gmt":"2026-01-10T18:20:07","slug":"ps-vai-apresentar-voto-de-repudio-na-camara-de-lisboa-pela-morte-de-renee-nicole-good-atingida-pelo-ice-nos-eua","status":"publish","type":"post","link":"https:\/\/www.europesays.com\/pt\/223819\/","title":{"rendered":"PS vai apresentar voto de rep\u00fadio na C\u00e2mara de Lisboa pela morte de Renee Nicole Good, atingida pelo ICE nos EUA"},"content":{"rendered":"<p>Os quatro vereadores do PS v\u00e3o entregar na C\u00e2mara Municipal de Lisboa, na segunda-feira, um voto de rep\u00fadio pela morte da cidad\u00e3 norte-americana Renee Nicole Good, <a href=\"https:\/\/expresso.pt\/semanario\/primeiro\/em-destaque\/2026-01-08-eua.-agente-do-ice-mata-mulher-de-37-anos-desarmada-f404b9b8\" target=\"_blank\" rel=\"noopener noreferrer nofollow\">abatida a tiro<\/a> por agentes da pol\u00edcia anti-imigra\u00e7\u00e3o conhecida pela sigla ICE (do ingl\u00eas Immigration and Customs Enforcement ) em Minneapolis, nos EUA, no dia 7 de janeiro. A proposta \u2013 assinada por Alexandra Leit\u00e3o, S\u00e9rgio Cintra, Carla Madeira e Pedro Anast\u00e1cio \u2013 <strong>condena a atua\u00e7\u00e3o das autoridades federais norte-americanas<\/strong> que impediram uma investiga\u00e7\u00e3o plena e alerta para a degrada\u00e7\u00e3o do Estado de Direito nos Estados Unidos.<\/p>\n<p><a href=\"https:\/\/expresso.pt\/subscrever?action=GEN&amp;channel=BAF&amp;type=CAP&amp;source=WEB&amp;returnUrl=https:\/\/expresso.pt\/politica\/2026-01-10-ps-vai-apresentar-voto-de-repudio-na-camara-de-lisboa-pela-morte-de-renee-nicole-good-atingida-pelo-ice-nos-eua-22b5cf33&amp;utm_source=expresso&amp;utm_medium=locked_article&amp;locked=true&amp;article_id=3c0a3f5b-aab6-4519-96da-dcbdee55ec86&amp;author_id=Carla+Tom\u00e1s&amp;category=Pol\u00edtica\" target=\"_self\" class=\"\" rel=\"nofollow noopener\">Subscrever<\/a>J\u00e1 \u00e9 Subscritor?Fa\u00e7a login e continue a ler<a href=\"http:\/\/expresso.pt\/codigo?redirectUrl=https:\/\/expresso.pt\/politica\/2026-01-10-ps-vai-apresentar-voto-de-repudio-na-camara-de-lisboa-pela-morte-de-renee-nicole-good-atingida-pelo-ice-nos-eua-22b5cf33\" target=\"_self\" class=\"\" rel=\"nofollow noopener\">Inserir C\u00f3digo<\/a>Comprou o Expresso?Insira o c\u00f3digo presente na Revista E para continuar a ler<\/p>\n","protected":false},"excerpt":{"rendered":"Os quatro vereadores do PS v\u00e3o entregar na C\u00e2mara Municipal de Lisboa, na segunda-feira, um voto de rep\u00fadio&hellip;\n","protected":false},"author":2,"featured_media":223820,"comment_status":"","ping_status":"","sticky":false,"template":"","format":"standard","meta":{"footnotes":""},"categories":[50],"tags":[27,28,15,16,14,25,26,21,22,62,12,13,19,20,23,24,17,18,29,30,31,63,64,65],"class_list":{"0":"post-223819","1":"post","2":"type-post","3":"status-publish","4":"format-standard","5":"has-post-thumbnail","7":"category-mundo","8":"tag-breaking-news","9":"tag-breakingnews","10":"tag-featured-news","11":"tag-featurednews","12":"tag-headlines","13":"tag-latest-news","14":"tag-latestnews","15":"tag-main-news","16":"tag-mainnews","17":"tag-mundo","18":"tag-news","19":"tag-noticias","20":"tag-noticias-principais","21":"tag-noticiasprincipais","22":"tag-principais-noticias","23":"tag-principaisnoticias","24":"tag-top-stories","25":"tag-topstories","26":"tag-ultimas","27":"tag-ultimas-noticias","28":"tag-ultimasnoticias","29":"tag-world","30":"tag-world-news","31":"tag-worldnews"},"share_on_mastodon":{"url":"https:\/\/pubeurope.com\/@pt\/115872191164093277","error":""},"_links":{"self":[{"href":"https:\/\/www.europesays.com\/pt\/wp-json\/wp\/v2\/posts\/223819","targetHints":{"allow":["GET"]}}],"collection":[{"href":"https:\/\/www.europesays.com\/pt\/wp-json\/wp\/v2\/posts"}],"about":[{"href":"https:\/\/www.europesays.com\/pt\/wp-json\/wp\/v2\/types\/post"}],"author":[{"embeddable":true,"href":"https:\/\/www.europesays.com\/pt\/wp-json\/wp\/v2\/users\/2"}],"replies":[{"embeddable":true,"href":"https:\/\/www.europesays.com\/pt\/wp-json\/wp\/v2\/comments?post=223819"}],"version-history":[{"count":0,"href":"https:\/\/www.europesays.com\/pt\/wp-json\/wp\/v2\/posts\/223819\/revisions"}],"wp:featuredmedia":[{"embeddable":true,"href":"https:\/\/www.europesays.com\/pt\/wp-json\/wp\/v2\/media\/223820"}],"wp:attachment":[{"href":"https:\/\/www.europesays.com\/pt\/wp-json\/wp\/v2\/media?parent=223819"}],"wp:term":[{"taxonomy":"category","embeddable":true,"href":"https:\/\/www.europesays.com\/pt\/wp-json\/wp\/v2\/categories?post=223819"},{"taxonomy":"post_tag","embeddable":true,"href":"https:\/\/www.europesays.com\/pt\/wp-json\/wp\/v2\/tags?post=223819"}],"curies":[{"name":"wp","href":"https:\/\/api.w.org\/{rel}","templated":true}]}}