{"id":223821,"date":"2026-01-10T18:21:41","date_gmt":"2026-01-10T18:21:41","guid":{"rendered":"https:\/\/www.europesays.com\/pt\/223821\/"},"modified":"2026-01-10T18:21:41","modified_gmt":"2026-01-10T18:21:41","slug":"cotrim-figueiredo-assume-que-disputa-com-seguro-seria-a-mais-interessante-numa-segunda-volta","status":"publish","type":"post","link":"https:\/\/www.europesays.com\/pt\/223821\/","title":{"rendered":"Cotrim Figueiredo assume que disputa com Seguro seria a mais interessante numa segunda volta"},"content":{"rendered":"<p>        \u201cEu acho que se olharmos para o conjunto de candidatos que t\u00eam hip\u00f3teses de ir \u00e0 segunda volta onde h\u00e1 mais clivagem de vis\u00e3o de sociedade, se quiser, \u00e9 entre mim e Ant\u00f3nio Jos\u00e9 Seguro\u201d, afirmou o tamb\u00e9m eurodeputado.    <\/p>\n<p class=\"text-paragraph\">O candidato presidencial Jo\u00e3o Cotrim Figueiredo assumiu hoje que a \u201cdisputa mais interessante\u201d de uma eventual segunda volta seria entre si e Ant\u00f3nio Jos\u00e9 Seguro porque s\u00e3o os advers\u00e1rios que t\u00eam maior \u201cclivagem de vis\u00e3o de sociedade\u201d.<\/p>\n<p class=\"text-paragraph\">\u201cEu acho que se olharmos para o conjunto de candidatos que t\u00eam hip\u00f3teses de ir \u00e0 segunda volta onde h\u00e1 mais clivagem de vis\u00e3o de sociedade, se quiser, \u00e9 entre mim e Ant\u00f3nio Jos\u00e9 Seguro\u201d, afirmou o tamb\u00e9m eurodeputado.<\/p>\n<p class=\"text-paragraph\">No final de uma visita \u00e0 f\u00e1brica Nelo Kayaks, em Vila do Conde, no distrito do Porto, o candidato apoiado pela Iniciativa Liberal considerou que Ant\u00f3nio Jos\u00e9 Seguro tem uma vis\u00e3o \u201cmais estatista, mais parada e mais antiga do pa\u00eds\u201d que contrasta com a sua vis\u00e3o \u201cbastante mais din\u00e2mica, moderna e de confian\u00e7a naquilo que s\u00e3o as capacidades intr\u00ednsecas dos portugueses\u201d.<\/p>\n<p class=\"text-paragraph\">\u201cPortanto, sendo esse o contraste, acho que seria a disputa mais interessante para os portugueses clarificarem a posi\u00e7\u00e3o que t\u00eam sobre o pa\u00eds\u201d, entendeu.<\/p>\n<p class=\"text-paragraph\">Em sua opini\u00e3o, quem vota Ventura est\u00e1, na pr\u00e1tica, a garantir a elei\u00e7\u00e3o do socialista Ant\u00f3nio Jos\u00e9 Seguro que n\u00e3o mostrou at\u00e9 agora nenhuma vontade, nem nenhuma energia para mudar.<\/p>\n<p class=\"text-paragraph\">\u201cSe for [Seguro] \u00e0 segunda volta comigo a realidade pode ser bem diferente, ser\u00e1 bem diferente. E, portanto, isto n\u00e3o \u00e9 uma matem\u00e1tica muito complicada, a conclus\u00e3o \u00e9 clara\u201d, assinalou.<\/p>\n<p class=\"text-paragraph\">O antigo l\u00edder da IL insistiu que quem quer mudar Portugal e quem quer que o pa\u00eds funcione no presente e no futuro \u201ctem uma op\u00e7\u00e3o de voto clara que \u00e9 votar Cotrim\u201d.<\/p>\n<p class=\"text-paragraph\">Por isso, durante a visita \u00e0 f\u00e1brica acompanhado pelo propriet\u00e1rio Manuel Ramos, antigo atleta de canoagem, e ouvindo por parte de alguns trabalhadores desejos de sorte, Cotrim Figueiredo disse n\u00e3o precisar de sorte, mas sim de cruzes no seu nome no boletim de voto.<\/p>\n<p class=\"text-paragraph\">As elei\u00e7\u00f5es presidenciais est\u00e3o marcadas para 18 de janeiro de 2026.<\/p>\n<p class=\"text-paragraph\">Concorrem \u00e0s presidenciais 11 candidatos, um n\u00famero recorde.<\/p>\n<p class=\"text-paragraph\">Caso nenhum deles consiga mais de metade dos votos validamente expressos, realizar-se-\u00e1 uma segunda volta a 08 de fevereiro entre os dois mais votados.<\/p>\n","protected":false},"excerpt":{"rendered":"\u201cEu acho que se olharmos para o conjunto de candidatos que t\u00eam hip\u00f3teses de ir \u00e0 segunda volta&hellip;\n","protected":false},"author":2,"featured_media":223822,"comment_status":"","ping_status":"","sticky":false,"template":"","format":"standard","meta":{"footnotes":""},"categories":[10],"tags":[27,28,2258,1705,15,16,14,9520,25,26,21,22,12,13,19,20,32,5215,23,24,33,17,18,29,30,31],"class_list":{"0":"post-223821","1":"post","2":"type-post","3":"status-publish","4":"format-standard","5":"has-post-thumbnail","7":"category-portugal","8":"tag-breaking-news","9":"tag-breakingnews","10":"tag-eleicoes","11":"tag-eleicoes-presidenciais","12":"tag-featured-news","13":"tag-featurednews","14":"tag-headlines","15":"tag-joao-cotrim-figueiredo","16":"tag-latest-news","17":"tag-latestnews","18":"tag-main-news","19":"tag-mainnews","20":"tag-news","21":"tag-noticias","22":"tag-noticias-principais","23":"tag-noticiasprincipais","24":"tag-portugal","25":"tag-presidenciais","26":"tag-principais-noticias","27":"tag-principaisnoticias","28":"tag-pt","29":"tag-top-stories","30":"tag-topstories","31":"tag-ultimas","32":"tag-ultimas-noticias","33":"tag-ultimasnoticias"},"share_on_mastodon":{"url":"https:\/\/pubeurope.com\/@pt\/115872195030026481","error":""},"_links":{"self":[{"href":"https:\/\/www.europesays.com\/pt\/wp-json\/wp\/v2\/posts\/223821","targetHints":{"allow":["GET"]}}],"collection":[{"href":"https:\/\/www.europesays.com\/pt\/wp-json\/wp\/v2\/posts"}],"about":[{"href":"https:\/\/www.europesays.com\/pt\/wp-json\/wp\/v2\/types\/post"}],"author":[{"embeddable":true,"href":"https:\/\/www.europesays.com\/pt\/wp-json\/wp\/v2\/users\/2"}],"replies":[{"embeddable":true,"href":"https:\/\/www.europesays.com\/pt\/wp-json\/wp\/v2\/comments?post=223821"}],"version-history":[{"count":0,"href":"https:\/\/www.europesays.com\/pt\/wp-json\/wp\/v2\/posts\/223821\/revisions"}],"wp:featuredmedia":[{"embeddable":true,"href":"https:\/\/www.europesays.com\/pt\/wp-json\/wp\/v2\/media\/223822"}],"wp:attachment":[{"href":"https:\/\/www.europesays.com\/pt\/wp-json\/wp\/v2\/media?parent=223821"}],"wp:term":[{"taxonomy":"category","embeddable":true,"href":"https:\/\/www.europesays.com\/pt\/wp-json\/wp\/v2\/categories?post=223821"},{"taxonomy":"post_tag","embeddable":true,"href":"https:\/\/www.europesays.com\/pt\/wp-json\/wp\/v2\/tags?post=223821"}],"curies":[{"name":"wp","href":"https:\/\/api.w.org\/{rel}","templated":true}]}}