{"id":223823,"date":"2026-01-10T18:23:21","date_gmt":"2026-01-10T18:23:21","guid":{"rendered":"https:\/\/www.europesays.com\/pt\/223823\/"},"modified":"2026-01-10T18:23:21","modified_gmt":"2026-01-10T18:23:21","slug":"paris-hilton-recebe-equipe-do-fala-brasil-e-manda-mensagem-carinhosa-aos-fas-brasileiros-record","status":"publish","type":"post","link":"https:\/\/www.europesays.com\/pt\/223823\/","title":{"rendered":"Paris Hilton recebe equipe do Fala Brasil e manda mensagem carinhosa aos f\u00e3s brasileiros \u2013 Record"},"content":{"rendered":"<p>O novo document\u00e1rio de Paris Hilton, &#8220;\u00cdcone Infinito&#8221;, promete revelar detalhes in\u00e9ditos da vida pessoal e carreira da famosa herdeira. Conhecida por ser parte do imp\u00e9rio hoteleiro dos Hilton e construir uma carreira pr\u00f3pria como empres\u00e1ria e DJ internacionalmente reconhecida, Paris compartilha momentos \u00edntimos em seu mais recente projeto audiovisual. A produ\u00e7\u00e3o aborda desde suas experi\u00eancias dif\u00edceis na adolesc\u00eancia at\u00e9 os desafios enfrentados ao longo dos anos.<\/p>\n<p>Durante uma entrevista exclusiva concedida em sua mans\u00e3o nos Estados Unidos, Paris explicou que o objetivo do document\u00e1rio \u00e9 mostrar um retrato aut\u00eantico de sua vida. Ela destacou a import\u00e2ncia de ser aberta sobre as partes mais vulner\u00e1veis de sua hist\u00f3ria para oferecer um relato verdadeiro aos espectadores.<\/p>\n<p>A inf\u00e2ncia sob os holofotes n\u00e3o foi f\u00e1cil para Paris. Em um momento delicado durante a adolesc\u00eancia, ela foi internada pelos pais em uma cl\u00ednica psiqui\u00e1trica\u2014a experi\u00eancia marcou profundamente sua rela\u00e7\u00e3o com eles. Apesar disso, hoje ela compreende as inten\u00e7\u00f5es protetoras dos pais \u00e0 luz das responsabilidades maternas que assumiu recentemente.<\/p>\n<p>Outro epis\u00f3dio marcante abordado no filme \u00e9 o vazamento de um v\u00eddeo \u00edntimo quando tinha apenas 19 anos\u2014um evento doloroso que impactou significativamente sua imagem p\u00fablica. No entanto, atualmente casada com Carter Reum desde 2021 e m\u00e3e atrav\u00e9s de barrigas de aluguel dos filhos London e Phoenix\u2014ela vive uma fase madura focando na fam\u00edlia.<\/p>\n<p>No final da entrevista, Paris enviou uma mensagem carinhosa especialmente dedicada aos f\u00e3s brasileiros: \u201cOi Brasil! Amo voc\u00eas, estou com saudade e mal posso esperar para ver voc\u00eas em breve. Aproveitem meu novo filme&#8221;. <\/p>\n<p><b>O PlayPlus agora \u00e9 RecordPlus: mais conte\u00fado da RECORD para voc\u00ea, ao vivo e de gra\u00e7a. Baixe o app <b><a href=\"https:\/\/descubra.recordplus.com\/\" rel=\"nofollow noopener\" target=\"_blank\">aqui!<\/a><\/b><\/b><\/p>\n","protected":false},"excerpt":{"rendered":"O novo document\u00e1rio de Paris Hilton, &#8220;\u00cdcone Infinito&#8221;, promete revelar detalhes in\u00e9ditos da vida pessoal e carreira da&hellip;\n","protected":false},"author":2,"featured_media":223824,"comment_status":"","ping_status":"","sticky":false,"template":"","format":"standard","meta":{"footnotes":""},"categories":[145],"tags":[211,210,114,115,2458,32,33],"class_list":{"0":"post-223823","1":"post","2":"type-post","3":"status-publish","4":"format-standard","5":"has-post-thumbnail","7":"category-celebridades","8":"tag-celebridades","9":"tag-celebrities","10":"tag-entertainment","11":"tag-entretenimento","12":"tag-paris","13":"tag-portugal","14":"tag-pt"},"share_on_mastodon":{"url":"https:\/\/pubeurope.com\/@pt\/115872202936159023","error":""},"_links":{"self":[{"href":"https:\/\/www.europesays.com\/pt\/wp-json\/wp\/v2\/posts\/223823","targetHints":{"allow":["GET"]}}],"collection":[{"href":"https:\/\/www.europesays.com\/pt\/wp-json\/wp\/v2\/posts"}],"about":[{"href":"https:\/\/www.europesays.com\/pt\/wp-json\/wp\/v2\/types\/post"}],"author":[{"embeddable":true,"href":"https:\/\/www.europesays.com\/pt\/wp-json\/wp\/v2\/users\/2"}],"replies":[{"embeddable":true,"href":"https:\/\/www.europesays.com\/pt\/wp-json\/wp\/v2\/comments?post=223823"}],"version-history":[{"count":0,"href":"https:\/\/www.europesays.com\/pt\/wp-json\/wp\/v2\/posts\/223823\/revisions"}],"wp:featuredmedia":[{"embeddable":true,"href":"https:\/\/www.europesays.com\/pt\/wp-json\/wp\/v2\/media\/223824"}],"wp:attachment":[{"href":"https:\/\/www.europesays.com\/pt\/wp-json\/wp\/v2\/media?parent=223823"}],"wp:term":[{"taxonomy":"category","embeddable":true,"href":"https:\/\/www.europesays.com\/pt\/wp-json\/wp\/v2\/categories?post=223823"},{"taxonomy":"post_tag","embeddable":true,"href":"https:\/\/www.europesays.com\/pt\/wp-json\/wp\/v2\/tags?post=223823"}],"curies":[{"name":"wp","href":"https:\/\/api.w.org\/{rel}","templated":true}]}}