{"id":223846,"date":"2026-01-10T18:42:18","date_gmt":"2026-01-10T18:42:18","guid":{"rendered":"https:\/\/www.europesays.com\/pt\/223846\/"},"modified":"2026-01-10T18:42:18","modified_gmt":"2026-01-10T18:42:18","slug":"quais-sao-os-filmes-e-series-mais-esperados-em-2026","status":"publish","type":"post","link":"https:\/\/www.europesays.com\/pt\/223846\/","title":{"rendered":"Quais s\u00e3o os filmes e s\u00e9ries mais esperados em 2026"},"content":{"rendered":"<p>Sim, 2026 ser\u00e1 ano de <strong>Copa do Mundo<\/strong> e de <strong>elei\u00e7\u00f5es no Brasil<\/strong>, o que por si s\u00f3 j\u00e1 garante meses agitados pela frente. No cinema e na TV, a marca talvez seja a da variedade de op\u00e7\u00f5es. Na tela grande, a temporada ter\u00e1 tanto o retorno de franquias importantes como os <strong>Vingadores<\/strong> e <strong>Star Wars<\/strong>, a sequ\u00eancia de filmes que marcaram \u00e9poca, como \u201c<strong>O Diabo Veste Prada<\/strong>\u201d, e novas produ\u00e7\u00f5es de diretores importantes como Steven Spielberg (\u201c<strong>O Dia D<\/strong>\u201d), Christopher Nolan (\u201c<strong>A Odisseia<\/strong>\u201d) e Alejandro I\u00f1\u00e1rritu (\u201c<strong>The Digger<\/strong>\u201d), este \u00faltimo em uma parceria inusitada com o astro Tom Cruise. Nas s\u00e9ries, os destaques ficam para retornos aguardados como \u201c<strong>Euforia<\/strong>\u201d, \u201c<strong>The Pitt<\/strong>\u201d, \u201c<strong>Treta<\/strong>\u201d e \u201c<strong>Ted Lasso<\/strong>\u201d, al\u00e9m de novas tramas de mist\u00e9rio, como \u201c<strong>Scarpetta<\/strong>\u201d, com Nicole Kidman\u201d, e \u201c<strong>Os Sete Rel\u00f3gios<\/strong>\u201d, baseado na obra de Agatha Christie. Neste epis\u00f3dio do CPop, Carlos Corr\u00eaa, M\u00e1rcio Gomes e Giovanna Reis trazem o calend\u00e1rio de lan\u00e7amentos e suas expectativas.<\/p>\n","protected":false},"excerpt":{"rendered":"Sim, 2026 ser\u00e1 ano de Copa do Mundo e de elei\u00e7\u00f5es no Brasil, o que por si s\u00f3&hellip;\n","protected":false},"author":2,"featured_media":223847,"comment_status":"","ping_status":"","sticky":false,"template":"","format":"standard","meta":{"footnotes":""},"categories":[140],"tags":[114,115,147,148,146,28853,32,33,3939],"class_list":{"0":"post-223846","1":"post","2":"type-post","3":"status-publish","4":"format-standard","5":"has-post-thumbnail","7":"category-filmes","8":"tag-entertainment","9":"tag-entretenimento","10":"tag-film","11":"tag-filmes","12":"tag-movies","13":"tag-podcast-cpop","14":"tag-portugal","15":"tag-pt","16":"tag-serie"},"share_on_mastodon":{"url":"https:\/\/pubeurope.com\/@pt\/115872277696930647","error":""},"_links":{"self":[{"href":"https:\/\/www.europesays.com\/pt\/wp-json\/wp\/v2\/posts\/223846","targetHints":{"allow":["GET"]}}],"collection":[{"href":"https:\/\/www.europesays.com\/pt\/wp-json\/wp\/v2\/posts"}],"about":[{"href":"https:\/\/www.europesays.com\/pt\/wp-json\/wp\/v2\/types\/post"}],"author":[{"embeddable":true,"href":"https:\/\/www.europesays.com\/pt\/wp-json\/wp\/v2\/users\/2"}],"replies":[{"embeddable":true,"href":"https:\/\/www.europesays.com\/pt\/wp-json\/wp\/v2\/comments?post=223846"}],"version-history":[{"count":0,"href":"https:\/\/www.europesays.com\/pt\/wp-json\/wp\/v2\/posts\/223846\/revisions"}],"wp:featuredmedia":[{"embeddable":true,"href":"https:\/\/www.europesays.com\/pt\/wp-json\/wp\/v2\/media\/223847"}],"wp:attachment":[{"href":"https:\/\/www.europesays.com\/pt\/wp-json\/wp\/v2\/media?parent=223846"}],"wp:term":[{"taxonomy":"category","embeddable":true,"href":"https:\/\/www.europesays.com\/pt\/wp-json\/wp\/v2\/categories?post=223846"},{"taxonomy":"post_tag","embeddable":true,"href":"https:\/\/www.europesays.com\/pt\/wp-json\/wp\/v2\/tags?post=223846"}],"curies":[{"name":"wp","href":"https:\/\/api.w.org\/{rel}","templated":true}]}}