{"id":223848,"date":"2026-01-10T18:43:08","date_gmt":"2026-01-10T18:43:08","guid":{"rendered":"https:\/\/www.europesays.com\/pt\/223848\/"},"modified":"2026-01-10T18:43:08","modified_gmt":"2026-01-10T18:43:08","slug":"oficial-gerson-reforca-cruzeiro-em-negocio-historico-no-brasil","status":"publish","type":"post","link":"https:\/\/www.europesays.com\/pt\/223848\/","title":{"rendered":"OFICIAL: Gerson refor\u00e7a Cruzeiro em neg\u00f3cio hist\u00f3rico no Brasil"},"content":{"rendered":"<p data-end=\"409\" data-start=\"154\">O Cruzeiro anunciou este s\u00e1bado a contrata\u00e7\u00e3o de Gerson, m\u00e9dio internacional brasileiro, que assinou contrato v\u00e1lido por quatro temporadas com o emblema de Belo Horizonte. A opera\u00e7\u00e3o tornou-se a mais cara da hist\u00f3ria do futebol brasileiro.<\/p>\n<p data-end=\"678\" data-start=\"411\">Para assegurar o antigo jogador do Flamengo, a dire\u00e7\u00e3o da Raposa desembolsou 27 milh\u00f5es de euros fixos, acrescidos de mais tr\u00eas milh\u00f5es de euros em b\u00f3nus por objetivos, segundo indica a imprensa brasileira.<\/p>\n<p data-end=\"879\" data-start=\"680\">Gerson, de 28 anos, chega proveniente do Zenit, clube ao qual se juntou em julho de 2025. Ao servi\u00e7o da forma\u00e7\u00e3o russa realizou 61 jogos, apontando 13 golos e somando dez assist\u00eancias.<\/p>\n<p data-end=\"1121\" data-start=\"881\">Antes da passagem pela R\u00fassia, o m\u00e9dio viveu um ciclo marcante no Flamengo, onde disputou mais de 250 encontros e conquistou 14 t\u00edtulos, entre os quais a Ta\u00e7a Libertadores, a Ta\u00e7a do Brasil e o Campeonato Brasileiro.<\/p>\n<blockquote class=\"twitter-tweet\">\n<p lang=\"pt\">\u270d SEJA BEM-VINDO, \ud835\udc06\ud835\udc04\ud835\udc11\ud835\udc12\ud835\udc0e\ud835\udc0d! O meia, que estava no Zenit-RUS, assinou em definitivo com o Cruzeiro at\u00e9 o fim de 2030! \ud83e\udd8a<\/p>\n<p>Deixe sua mensagem de boas-vindas para o Coringa, Na\u00e7\u00e3o Azul! \ud83d\udc47 <a href=\"https:\/\/t.co\/kMU5wNsRWE\" rel=\"nofollow\">pic.twitter.com\/kMU5wNsRWE<\/a><\/p>\n<p> \u2014 Cruzeiro \ud83e\udd8a (@Cruzeiro)<br \/>\n  <a href=\"https:\/\/twitter.com\/Cruzeiro\/status\/2010000055235948774?ref_src=twsrc%5Etfw\" rel=\"nofollow noopener\" target=\"_blank\">January 10, 2026<\/a>\n <\/p><\/blockquote>\n<p>                                <script async src=\"https:\/\/platform.twitter.com\/widgets.js\" charset=\"utf-8\"><\/script><\/p>\n","protected":false},"excerpt":{"rendered":"O Cruzeiro anunciou este s\u00e1bado a contrata\u00e7\u00e3o de Gerson, m\u00e9dio internacional brasileiro, que assinou contrato v\u00e1lido por quatro&hellip;\n","protected":false},"author":2,"featured_media":223849,"comment_status":"","ping_status":"","sticky":false,"template":"","format":"standard","meta":{"footnotes":""},"categories":[87],"tags":[726,6034,135,43189,82,46,42,41,32,33,47,134,35],"class_list":{"0":"post-223848","1":"post","2":"type-post","3":"status-publish","4":"format-standard","5":"has-post-thumbnail","7":"category-desporto","8":"tag-brasil","9":"tag-cruzeiro","10":"tag-desporto","11":"tag-gerson","12":"tag-internacional","13":"tag-maisfutebol","14":"tag-mercado","15":"tag-mercado-de-transferencias","16":"tag-portugal","17":"tag-pt","18":"tag-pura-paixao","19":"tag-sports","20":"tag-transferencias"},"share_on_mastodon":{"url":"https:\/\/pubeurope.com\/@pt\/115872281578664742","error":""},"_links":{"self":[{"href":"https:\/\/www.europesays.com\/pt\/wp-json\/wp\/v2\/posts\/223848","targetHints":{"allow":["GET"]}}],"collection":[{"href":"https:\/\/www.europesays.com\/pt\/wp-json\/wp\/v2\/posts"}],"about":[{"href":"https:\/\/www.europesays.com\/pt\/wp-json\/wp\/v2\/types\/post"}],"author":[{"embeddable":true,"href":"https:\/\/www.europesays.com\/pt\/wp-json\/wp\/v2\/users\/2"}],"replies":[{"embeddable":true,"href":"https:\/\/www.europesays.com\/pt\/wp-json\/wp\/v2\/comments?post=223848"}],"version-history":[{"count":0,"href":"https:\/\/www.europesays.com\/pt\/wp-json\/wp\/v2\/posts\/223848\/revisions"}],"wp:featuredmedia":[{"embeddable":true,"href":"https:\/\/www.europesays.com\/pt\/wp-json\/wp\/v2\/media\/223849"}],"wp:attachment":[{"href":"https:\/\/www.europesays.com\/pt\/wp-json\/wp\/v2\/media?parent=223848"}],"wp:term":[{"taxonomy":"category","embeddable":true,"href":"https:\/\/www.europesays.com\/pt\/wp-json\/wp\/v2\/categories?post=223848"},{"taxonomy":"post_tag","embeddable":true,"href":"https:\/\/www.europesays.com\/pt\/wp-json\/wp\/v2\/tags?post=223848"}],"curies":[{"name":"wp","href":"https:\/\/api.w.org\/{rel}","templated":true}]}}