{"id":223854,"date":"2026-01-10T18:52:07","date_gmt":"2026-01-10T18:52:07","guid":{"rendered":"https:\/\/www.europesays.com\/pt\/223854\/"},"modified":"2026-01-10T18:52:07","modified_gmt":"2026-01-10T18:52:07","slug":"procurador-do-irao-avisa-que-protestos-passam-a-ser-puniveis-com-pena-de-morte","status":"publish","type":"post","link":"https:\/\/www.europesays.com\/pt\/223854\/","title":{"rendered":"Procurador do Ir\u00e3o avisa que protestos passam a ser pun\u00edveis com pena de morte"},"content":{"rendered":"<p>O procurador-geral do Ir\u00e3o avisou hoje que qualquer pessoa que participe em protestos, como os que h\u00e1 v\u00e1rios dias contestam o regime do pa\u00eds, ser\u00e1 considerada &#8220;inimiga de Deus&#8221;, acusa\u00e7\u00e3o pun\u00edvel com pena de morte. A declara\u00e7\u00e3o do procurador-geral do Ir\u00e3o, Mohammad Movahedi Azad, foi divulgada pela televis\u00e3o estatal iraniana, concretizando a amea\u00e7a avan\u00e7ada na sexta-feira pelo l\u00edder supremo, &#8216;ayatollah&#8217; Ali Khamenei, de que o pa\u00eds &#8220;ia iniciar&#8221; uma repress\u00e3o.<\/p>\n<p>Os protestos em quase todo o Ir\u00e3o come\u00e7aram no dia 28 de dezembro, inicialmente contra o custo de vida e a infla\u00e7\u00e3o galopante, num pa\u00eds sujeito a san\u00e7\u00f5es econ\u00f3micas dos Estados Unidos e da ONU, mas t\u00eam-se vindo a intensificar e transformaram-se numa contesta\u00e7\u00e3o pol\u00edtica contra o regime.<\/p>\n<p>Na quinta-feira, as autoridades desligaram a Internet e o sinal de telem\u00f3veis em todo o pa\u00eds, na sequ\u00eancia de uma grande manifesta\u00e7\u00e3o em Teer\u00e3o e depois de terem sido publicados nas redes sociais v\u00eddeos que mostravam uma multid\u00e3o em protesto.<\/p>\n<p>Com a internet em baixo e as linhas telef\u00f3nicas cortadas, acompanhar as manifesta\u00e7\u00f5es a partir do estrangeiro tornou-se dif\u00edcil, mas, de acordo com a organiza\u00e7\u00e3o n\u00e3o-governamental Ag\u00eancia de Not\u00edcias dos Ativistas pelos Direitos Humanos, o n\u00famero de mortos nos protestos subiu para pelo menos 65 pessoas, registando-se tamb\u00e9m cerca de 2.300 detidos.<\/p>\n<p>Alguns \u00f3rg\u00e3os de comunica\u00e7\u00e3o social estatais e semioficiais continuam, no entanto, a publicar &#8216;online&#8217; e a esta\u00e7\u00e3o de not\u00edcias do Qatar, Al-Jazeera, transmitiu em direto do Ir\u00e3o, mas parece ser o \u00fanico grande meio de comunica\u00e7\u00e3o social estrangeiro capaz de operar.<\/p>\n<p>Em Sidney, iranianos apoiam Reza Pahlavi, o pr\u00edncipe herdeiro que tem incentivado os protestos<\/p>\n<p>Norvik Alaverdian\/NurPhoto\/Getty Images<\/p>\n<p class=\"category\"><a href=\"https:\/\/expresso.pt\/internacional\/medio-oriente\" rel=\"nofollow noopener\" target=\"_blank\">M\u00e9dio Oriente<\/a><\/p>\n<p class=\"follow-link\"><a href=\"https:\/\/expresso.pt\/internacional\/medio-oriente\/2026-01-09-irao-dos-protagonistas-aos-slogans-os-protestos-nao-param-de-escalar-65cf45cf\" rel=\"canonical nofollow noopener\" target=\"_blank\">Leia tamb\u00e9m<\/a><\/p>\n<p>Hoje, a televis\u00e3o estatal avan\u00e7ou que n\u00e3o houve protestos significativos durante a noite, referindo que &#8220;a paz prevaleceu na maioria das cidades&#8221;, apesar de &#8220;v\u00e1rios terroristas armados terem atacado locais p\u00fablicos e incendiado propriedades privadas na noite passada&#8221;.<\/p>\n<p>As informa\u00e7\u00f5es foram contrariadas por um v\u00eddeo &#8216;online&#8217; verificado pela ag\u00eancia de not\u00edcias Associated Press, que mostrou manifesta\u00e7\u00f5es na zona de Saadat Abad, a norte de Teer\u00e3o, nas quais pareciam estar milhares de pessoas nas ruas e onde se ouvia gritos de &#8220;Morte a Khamenei&#8221;.<\/p>\n<p>Numa declara\u00e7\u00e3o inesperada feita na sexta-feira, o l\u00edder supremo criticou os manifestantes por estarem alegadamente a destruir as ruas em nome de um Presidente do estrangeiro, numa refer\u00eancia ao chefe de Estado norte-americano, depois de Donald Trump ter amea\u00e7ado &#8220;bater muito forte&#8221; no Ir\u00e3o, se as autoridades &#8220;come\u00e7assem a matar os manifestantes&#8221;.<\/p>\n<p>Entretanto, o secret\u00e1rio de Estado norte-americano, Marco Rubio voltou a apoiar os manifestantes, escrevendo, nas redes sociais: &#8220;os Estados Unidos apoiam o bravo povo do Ir\u00e3o&#8221;.<\/p>\n<p>Numa outra mensagem, o Departamento de Estado norte-americano sublinhou que as afirma\u00e7\u00f5es de Trump devem ser levadas a s\u00e9rio.<\/p>\n<p>&#8220;N\u00e3o brinquem com o Presidente Trump. Quando ele diz que vai fazer alguma coisa, cumpre&#8221;, referiu.<\/p>\n","protected":false},"excerpt":{"rendered":"O procurador-geral do Ir\u00e3o avisou hoje que qualquer pessoa que participe em protestos, como os que h\u00e1 v\u00e1rios&hellip;\n","protected":false},"author":2,"featured_media":216182,"comment_status":"","ping_status":"","sticky":false,"template":"","format":"standard","meta":{"footnotes":""},"categories":[50],"tags":[27,28,15,16,14,25,26,21,22,62,12,13,19,20,23,24,17,18,29,30,31,63,64,65],"class_list":{"0":"post-223854","1":"post","2":"type-post","3":"status-publish","4":"format-standard","5":"has-post-thumbnail","7":"category-mundo","8":"tag-breaking-news","9":"tag-breakingnews","10":"tag-featured-news","11":"tag-featurednews","12":"tag-headlines","13":"tag-latest-news","14":"tag-latestnews","15":"tag-main-news","16":"tag-mainnews","17":"tag-mundo","18":"tag-news","19":"tag-noticias","20":"tag-noticias-principais","21":"tag-noticiasprincipais","22":"tag-principais-noticias","23":"tag-principaisnoticias","24":"tag-top-stories","25":"tag-topstories","26":"tag-ultimas","27":"tag-ultimas-noticias","28":"tag-ultimasnoticias","29":"tag-world","30":"tag-world-news","31":"tag-worldnews"},"share_on_mastodon":{"url":"https:\/\/pubeurope.com\/@pt\/115872316944986418","error":""},"_links":{"self":[{"href":"https:\/\/www.europesays.com\/pt\/wp-json\/wp\/v2\/posts\/223854","targetHints":{"allow":["GET"]}}],"collection":[{"href":"https:\/\/www.europesays.com\/pt\/wp-json\/wp\/v2\/posts"}],"about":[{"href":"https:\/\/www.europesays.com\/pt\/wp-json\/wp\/v2\/types\/post"}],"author":[{"embeddable":true,"href":"https:\/\/www.europesays.com\/pt\/wp-json\/wp\/v2\/users\/2"}],"replies":[{"embeddable":true,"href":"https:\/\/www.europesays.com\/pt\/wp-json\/wp\/v2\/comments?post=223854"}],"version-history":[{"count":0,"href":"https:\/\/www.europesays.com\/pt\/wp-json\/wp\/v2\/posts\/223854\/revisions"}],"wp:featuredmedia":[{"embeddable":true,"href":"https:\/\/www.europesays.com\/pt\/wp-json\/wp\/v2\/media\/216182"}],"wp:attachment":[{"href":"https:\/\/www.europesays.com\/pt\/wp-json\/wp\/v2\/media?parent=223854"}],"wp:term":[{"taxonomy":"category","embeddable":true,"href":"https:\/\/www.europesays.com\/pt\/wp-json\/wp\/v2\/categories?post=223854"},{"taxonomy":"post_tag","embeddable":true,"href":"https:\/\/www.europesays.com\/pt\/wp-json\/wp\/v2\/tags?post=223854"}],"curies":[{"name":"wp","href":"https:\/\/api.w.org\/{rel}","templated":true}]}}