{"id":223861,"date":"2026-01-10T19:01:07","date_gmt":"2026-01-10T19:01:07","guid":{"rendered":"https:\/\/www.europesays.com\/pt\/223861\/"},"modified":"2026-01-10T19:01:07","modified_gmt":"2026-01-10T19:01:07","slug":"ruben-amorim-regressa-a-portugal-sorridente-mas-em-silencio-maisfutebol","status":"publish","type":"post","link":"https:\/\/www.europesays.com\/pt\/223861\/","title":{"rendered":"Ruben Amorim regressa a Portugal sorridente, mas em sil\u00eancio &#8211; Maisfutebol"},"content":{"rendered":"<ol>\n<li><a href=\"https:\/\/news.google.com\/rss\/articles\/CBMiugFBVV95cUxOWXNEOFpXdzB2MFozM1VKQTdCWjV1YUc4dHA3R214a1hQdTZhOE5CWURFLWdLY0VKUEdtYk1EczZrNmFxOW02Zm1taDByeEpTTml0Unc4SnhrNXpqaWxwcVItM05NMmNhX0dYM2cxdVQxZ2I4bmFHa3p4ZXNDWlFYbWxrS3gwR1AtZWZsQTh3S0RQemNJVGJqdk1kcDRqdk1Bay1nS2Vnc3h5VWhSWjFfU2VscU5IVFVoM3c?oc=5\" target=\"_blank\" rel=\"nofollow noopener\">Ruben Amorim regressa a Portugal sorridente, mas em sil\u00eancio<\/a>&nbsp;&nbsp;Maisfutebol<\/li>\n<li><a href=\"https:\/\/news.google.com\/rss\/articles\/CBMi3gFBVV95cUxPZ1dzQjJDMTlSSWZZT2ZrTnAydXVrQXhxUkxvamx1dGllbklBWXhPNkZRWFNUSzE4VWUwMjN0alpwUEg4R21SZWtwTThtSTFBM1RkRWF6YVhPVWowcWFRRE5Dd1lGUWxmLWVPRTNuMjI5UnlJQ0F4bXJ2MjNlWldDaWVKeVpRc21LMElxU2dDU1h5d1pHT3NKUWIybEZWd2s0WUt2NVBaZDhHMzk4YVJvdEdEQnpoUDRDeTV5bjFld0ZKZ3JNTkNySUFVdEpjNVVLcERLczZDZUR4bDdUbXc?oc=5\" target=\"_blank\" rel=\"nofollow noopener\">O coment\u00e1rio que &#8220;enfureceu&#8221; Ruben Amorim e levou \u00e0 &#8216;explosiva&#8217; confer\u00eancia de imprensa<\/a>&nbsp;&nbsp;Record<\/li>\n<li><a href=\"https:\/\/news.google.com\/rss\/articles\/CBMiogFBVV95cUxON2J1ei1zMUFVRnc3QXhHWktXd3JOaG9VQ0RuN085S2dEMkUta3RnN0MtTFZrOVY4dk1ZZERXMGpxZWFJZEtVcmt2Z2JzMFhub0tycnNRV0JfU0x4ekFzNlhVYTZ3Y2NBbFZHQ2NGR29UZ09ETDVqdm94ckJBLUYwMV9SZjdVdE4zdGFRRHIwRVlMeHRNUloyUkY4bmpTZWJzR3c?oc=5\" target=\"_blank\" rel=\"nofollow noopener\">G\u00eanio: Noel Gallagher zoa Manchester United e The Libertines de uma vez s\u00f3<\/a>&nbsp;&nbsp;Tenho Mais Discos Que Amigos<\/li>\n<li><a href=\"https:\/\/news.google.com\/rss\/articles\/CBMijgJBVV95cUxNUWFZajVDS1hncXl2czlqSXQ1MlhUUmJjd24tY3d0bWs4dTFXLXZxYnpBdC1lSlFyOW1OaE1Ib09INlRRbXk3dnpUZGtERTI5TlJZSlcwdVpaY3VJU3ZDaUhKSHhTWmc0NGY0OXAwRkxGeGd2MFVzM1N2d1RmTVlnbTltLUpTMVFGZ1NwcE9kb2tjN0JremxZZ3REclE1ZTQzVVZaaDFEMEVTUEhVUFJIQmtocUxTU3VwMTEzVFdZcHBWTFZPVi1yZm5pMXQ1Q1ZzZWl6TDhnNGdEY0tyS1hXVU9fU0lMS29wVG52M3NZUTZZTnlscmhveWVSbUs2aEtmVXpYTFJ6dXFlRG5HUnc?oc=5\" target=\"_blank\" rel=\"nofollow noopener\">Lenda do United (e ex-Sporting) arrasa sa\u00edda de Amorim: &#8220;Decis\u00e3o errada&#8221;<\/a>&nbsp;&nbsp;MSN<\/li>\n<li><a href=\"https:\/\/news.google.com\/rss\/articles\/CBMi4wFBVV95cUxQLWduUnRTUXZUV25JQVMzN3JBRWhobnRSUEp2WW1hOV96VERtUnBOYWtsS1VtVHdHRm1UYWhZd25LdndoSjh5MWZmdUNsQzVNamRsSHVKTGVXdHNkUWdzWnYtcWkxVjQ2enJVX2JSRkpSY3RUVmhHOUdNbU5Hcjd4NGZjbGd5aXgyUndWNlNUMG1DakZwcGljd3huUmZFeXFyVTJtZENQbktGRHA2c1NORkRlWnZfc2NKdjFvblZVM08yVk83S0poNGJkMnNncVNYZUNxdTVCQTdJZzg5Zmc1d3czYw?oc=5\" target=\"_blank\" rel=\"nofollow noopener\">Brasileir\u00e3o? Premier League j\u00e1 tem dois t\u00e9cnicos demitidos em 2026<\/a>&nbsp;&nbsp;CNN Brasil<\/li>\n<\/ol>\n","protected":false},"excerpt":{"rendered":"Ruben Amorim regressa a Portugal sorridente, mas em sil\u00eancio&nbsp;&nbsp;Maisfutebol O coment\u00e1rio que &#8220;enfureceu&#8221; Ruben Amorim e levou \u00e0&hellip;\n","protected":false},"author":2,"featured_media":223862,"comment_status":"","ping_status":"","sticky":false,"template":"","format":"standard","meta":{"footnotes":""},"categories":[87],"tags":[135,46,32,33,47,43190,1052,134],"class_list":{"0":"post-223861","1":"post","2":"type-post","3":"status-publish","4":"format-standard","5":"has-post-thumbnail","7":"category-desporto","8":"tag-desporto","9":"tag-maisfutebol","10":"tag-portugal","11":"tag-pt","12":"tag-pura-paixao","13":"tag-regresso-a-lisboa","14":"tag-ruben-amorim","15":"tag-sports"},"share_on_mastodon":{"url":"https:\/\/pubeurope.com\/@pt\/115872352917718586","error":""},"_links":{"self":[{"href":"https:\/\/www.europesays.com\/pt\/wp-json\/wp\/v2\/posts\/223861","targetHints":{"allow":["GET"]}}],"collection":[{"href":"https:\/\/www.europesays.com\/pt\/wp-json\/wp\/v2\/posts"}],"about":[{"href":"https:\/\/www.europesays.com\/pt\/wp-json\/wp\/v2\/types\/post"}],"author":[{"embeddable":true,"href":"https:\/\/www.europesays.com\/pt\/wp-json\/wp\/v2\/users\/2"}],"replies":[{"embeddable":true,"href":"https:\/\/www.europesays.com\/pt\/wp-json\/wp\/v2\/comments?post=223861"}],"version-history":[{"count":0,"href":"https:\/\/www.europesays.com\/pt\/wp-json\/wp\/v2\/posts\/223861\/revisions"}],"wp:featuredmedia":[{"embeddable":true,"href":"https:\/\/www.europesays.com\/pt\/wp-json\/wp\/v2\/media\/223862"}],"wp:attachment":[{"href":"https:\/\/www.europesays.com\/pt\/wp-json\/wp\/v2\/media?parent=223861"}],"wp:term":[{"taxonomy":"category","embeddable":true,"href":"https:\/\/www.europesays.com\/pt\/wp-json\/wp\/v2\/categories?post=223861"},{"taxonomy":"post_tag","embeddable":true,"href":"https:\/\/www.europesays.com\/pt\/wp-json\/wp\/v2\/tags?post=223861"}],"curies":[{"name":"wp","href":"https:\/\/api.w.org\/{rel}","templated":true}]}}