{"id":223867,"date":"2026-01-10T19:05:08","date_gmt":"2026-01-10T19:05:08","guid":{"rendered":"https:\/\/www.europesays.com\/pt\/223867\/"},"modified":"2026-01-10T19:05:08","modified_gmt":"2026-01-10T19:05:08","slug":"sabe-que-bebidas-alcoolicas-pagam-imposto-especial-fisco-explica","status":"publish","type":"post","link":"https:\/\/www.europesays.com\/pt\/223867\/","title":{"rendered":"Sabe que bebidas alco\u00f3licas pagam imposto especial? Fisco explica"},"content":{"rendered":"<p>As bebidas alco\u00f3licas est\u00e3o sujeitas a um imposto especial. Em causa est\u00e3o os Impostos Especiais de Consumo (IEC), explicou a Autoridade Tribut\u00e1ria (AT).\u00a0\u00a0<\/p>\n<p>&#8220;Sabia que as bebidas alco\u00f3licas est\u00e3o sujeitas a um imposto especial?\u00a0O Imposto sobre o \u00e1lcool, as bebidas alco\u00f3licas e as bebidas adicionadas de a\u00e7\u00facar ou outros edulcorantes \u00e9 um dos Impostos Especiais de Consumo (IEC)&#8221;, adianta o Fisco, numa publica\u00e7\u00e3o partilhada na rede social Facebook.\u00a0<\/p>\n<p>Segundo a AT, este imposto &#8220;incide sobre produtos como vinho, cerveja, aguardente e outras bebidas espirituosas, bem como sobre bebidas n\u00e3o alco\u00f3licas a\u00e7ucaradas&#8221;.\u00a0<\/p>\n<p>&#8220;O seu principal objetivo \u00e9 desincentivar o consumo excessivo desses produtos, protegendo a sa\u00fade p\u00fablica e, simultaneamente, aumentar as receitas fiscais para o Estado&#8221;, explica ainda o Fisco.\u00a0<\/p>\n<p>                                                    Impostos indiretos v\u00e3o pesar mais na carteira em 2026<\/p>\n<p>O Governo prev\u00ea uma subida dos impostos indiretos para este ano, de acordo com o Or\u00e7amento do Estado para 2026 (OE2026). Tanto os impostos diretos como os indiretos v\u00e3o fazer subir a receita fiscal, segundo os c\u00e1lculos do Executivo.\u00a0<\/p>\n<p>                                                    <img decoding=\"async\" height=\"640\" with=\"360\" src=\"https:\/\/www.europesays.com\/pt\/wp-content\/uploads\/2026\/01\/naom_62ea47eba1394.jpg\" border=\"0\" alt=\"Impostos indiretos v\u00e3o pesar mais na carteira em 2026: Paga algum deles?\"\/><\/p>\n<p>A receita fiscal dever\u00e1 aumentar 4,4% em 2026, para 67.065 milh\u00f5es de euros, impulsionada quer pelos impostos diretos (+3,7%), quer pelos indiretos (+4,9), segundo a proposta do OE2026. Saiba quais s\u00e3o os impostos indiretos e descubra se paga algum deles.<\/p>\n<p>                                                     Not\u00edcias ao Minuto | 09:11 &#8211; 20\/10\/2025 <\/p>\n<p>&#8220;No que respeita aos Impostos Especiais de Consumo, prev\u00ea-se que, em 2026, a receita do ISP aumente em 187 milh\u00f5es de euros, o que corresponde a uma subida de 4,6%. Este crescimento decorre do crescimento esperado no consumo privado. Estima-se ainda que a receita do IT aumente em 71 milh\u00f5es de euros (4,4%) em resultado do crescimento esperado no consumo privado, e que a receita do IABA aumente 8 milh\u00f5es de euros (2,5%), como resultado da tend\u00eancia observada em 2025&#8221;, pode ler-se no documento do Executivo.\u00a0<\/p>\n<p>A receita fiscal dever\u00e1 aumentar 4,4% em 2026, para 67.065 milh\u00f5es de euros, impulsionada quer pelos impostos diretos (+3,7%), quer pelos indiretos (+4,9), segundo a proposta de Or\u00e7amento do Estado para 2026 (OE2026).<\/p>\n<p>&#8220;Espera-se que a receita fiscal, em 2026, venha a refletir um crescimento correspondente a 2.828 milh\u00f5es de euros (4,4%) face \u00e0 estimativa de receita para 2025, ascendendo a 67.065 milh\u00f5es de euros&#8221;, l\u00ea-se no relat\u00f3rio que acompanha a proposta.<\/p>\n<p>Este aumento deve-se \u00e0 subida tanto dos impostos diretos (1.055 milh\u00f5es de euros), como dos impostos indiretos (1.773 milh\u00f5es de euros), que dever\u00e3o crescer 3,7% e 4,9%, respetivamente, face a 2025.<\/p>\n<p>Nos impostos diretos, o Governo prev\u00ea que em 2026 a receita fiscal em sede de Imposto sobre o Rendimento de Pessoas Singulares (IRS) aumente 5,0% face \u00e0 execu\u00e7\u00e3o estimada para 2025, para 19.496 milh\u00f5es de euros, mais 937 milh\u00f5es de euros.<\/p>\n<p>Este crescimento estimado da receita do IRS, apesar da redu\u00e7\u00e3o das taxas marginais, resulta sobretudo da previs\u00e3o de &#8220;evolu\u00e7\u00e3o favor\u00e1vel do mercado de trabalho, tanto para o emprego, como para remunera\u00e7\u00e3o por trabalhador&#8221;, explica.<\/p>\n<p>Leia Tamb\u00e9m: <a href=\"https:\/\/www.noticiasaominuto.com\/economia\/2915080\/acesso-ao-subsidio-de-mobilidade-so-sem-dividas-ao-fisco-e-seg-social\" target=\"_blank\" rel=\"noopener noreferrer nofollow\">Acesso ao subs\u00eddio de mobilidade s\u00f3 sem d\u00edvidas ao Fisco e Seg. Social<\/a><\/p>\n","protected":false},"excerpt":{"rendered":"As bebidas alco\u00f3licas est\u00e3o sujeitas a um imposto especial. Em causa est\u00e3o os Impostos Especiais de Consumo (IEC),&hellip;\n","protected":false},"author":2,"featured_media":223868,"comment_status":"","ping_status":"","sticky":false,"template":"","format":"standard","meta":{"footnotes":""},"categories":[83],"tags":[88,89,90,32,33],"class_list":{"0":"post-223867","1":"post","2":"type-post","3":"status-publish","4":"format-standard","5":"has-post-thumbnail","7":"category-empresas","8":"tag-business","9":"tag-economy","10":"tag-empresas","11":"tag-portugal","12":"tag-pt"},"share_on_mastodon":{"url":"https:\/\/pubeurope.com\/@pt\/115872368247657474","error":""},"_links":{"self":[{"href":"https:\/\/www.europesays.com\/pt\/wp-json\/wp\/v2\/posts\/223867","targetHints":{"allow":["GET"]}}],"collection":[{"href":"https:\/\/www.europesays.com\/pt\/wp-json\/wp\/v2\/posts"}],"about":[{"href":"https:\/\/www.europesays.com\/pt\/wp-json\/wp\/v2\/types\/post"}],"author":[{"embeddable":true,"href":"https:\/\/www.europesays.com\/pt\/wp-json\/wp\/v2\/users\/2"}],"replies":[{"embeddable":true,"href":"https:\/\/www.europesays.com\/pt\/wp-json\/wp\/v2\/comments?post=223867"}],"version-history":[{"count":0,"href":"https:\/\/www.europesays.com\/pt\/wp-json\/wp\/v2\/posts\/223867\/revisions"}],"wp:featuredmedia":[{"embeddable":true,"href":"https:\/\/www.europesays.com\/pt\/wp-json\/wp\/v2\/media\/223868"}],"wp:attachment":[{"href":"https:\/\/www.europesays.com\/pt\/wp-json\/wp\/v2\/media?parent=223867"}],"wp:term":[{"taxonomy":"category","embeddable":true,"href":"https:\/\/www.europesays.com\/pt\/wp-json\/wp\/v2\/categories?post=223867"},{"taxonomy":"post_tag","embeddable":true,"href":"https:\/\/www.europesays.com\/pt\/wp-json\/wp\/v2\/tags?post=223867"}],"curies":[{"name":"wp","href":"https:\/\/api.w.org\/{rel}","templated":true}]}}