{"id":223875,"date":"2026-01-10T19:09:09","date_gmt":"2026-01-10T19:09:09","guid":{"rendered":"https:\/\/www.europesays.com\/pt\/223875\/"},"modified":"2026-01-10T19:09:09","modified_gmt":"2026-01-10T19:09:09","slug":"este-vestido-de-barbara-bandeira-esta-avaliado-em-90-mil-euros-e-grita-portugal-veja-as-fotos-inacreditaveis-moda","status":"publish","type":"post","link":"https:\/\/www.europesays.com\/pt\/223875\/","title":{"rendered":"Este vestido de B\u00e1rbara Bandeira est\u00e1 avaliado em 90 mil euros e grita &#8220;Portugal&#8221;. Veja as fotos inacredit\u00e1veis &#8211; Moda"},"content":{"rendered":"<p>Um vestido feito inteiramente de joalharia tradicional portuguesa \u00e9 o grande protagonista do novo videoclipe de B\u00e1rbara Bandeira. A pe\u00e7a, criada especialmente para \u201cMarcha\u201d, tema integrado no projeto &#8220;LUSA Ato II&#8221;, \u00e9 da autoria da Portugal Jewels, foi confecionada manualmente por Andr\u00e9 Rodarts e est\u00e1 a fazer furor de t\u00e3o luxuoso e portugu\u00eas que \u00e9.<\/p>\n<p><strong>Avaliado em cerca de 90 mil euros e com um peso aproximado de sete quilos<\/strong>, o vestido re\u00fane algumas das formas mais emblem\u00e1ticas da joalharia portuguesa, como Cora\u00e7\u00f5es de Viana, Brincos \u00e0 Rainha, Brincos Galegos, filigrana e caramujos, entre outros elementos tradicionais. Todas as pe\u00e7as foram executadas com t\u00e9cnicas artesanais transmitidas ao longo de gera\u00e7\u00f5es, l\u00ea-se em comunicado.<\/p>\n<p>Pensado segundo uma l\u00f3gica pr\u00f3xima da alta-costura<strong>, o vestido n\u00e3o funciona como acess\u00f3rio, mas como a pr\u00f3pria estrutura do vestu\u00e1rio.<\/strong> Constru\u00eddo manualmente e \u00e0 medida do corpo da artista, foi desenvolvido tendo em conta o contexto performativo do videoclipe, permitindo que a joalharia acompanhe o movimento e a expressividade da interpreta\u00e7\u00e3o.<\/p>\n<p>No universo visual de \u201cMarcha\u201d, a pe\u00e7a surge integrada num imagin\u00e1rio fortemente ligado \u00e0 cultura popular portuguesa. As refer\u00eancias \u00e0s marchas populares, \u00e0s mordomas e aos cabe\u00e7udos remetem para o ambiente das Festas da Senhora d\u2019Agonia, em Viana do Castelo, refor\u00e7ando a ideia de tradi\u00e7\u00e3o em constante di\u00e1logo com o presente.<\/p>\n<p>Espreite as fotos                     <\/p>\n","protected":false},"excerpt":{"rendered":"Um vestido feito inteiramente de joalharia tradicional portuguesa \u00e9 o grande protagonista do novo videoclipe de B\u00e1rbara Bandeira.&hellip;\n","protected":false},"author":2,"featured_media":223876,"comment_status":"","ping_status":"","sticky":false,"template":"","format":"standard","meta":{"footnotes":""},"categories":[145],"tags":[211,210,114,115,32,33],"class_list":{"0":"post-223875","1":"post","2":"type-post","3":"status-publish","4":"format-standard","5":"has-post-thumbnail","7":"category-celebridades","8":"tag-celebridades","9":"tag-celebrities","10":"tag-entertainment","11":"tag-entretenimento","12":"tag-portugal","13":"tag-pt"},"share_on_mastodon":{"url":"https:\/\/pubeurope.com\/@pt\/115872383810770751","error":""},"_links":{"self":[{"href":"https:\/\/www.europesays.com\/pt\/wp-json\/wp\/v2\/posts\/223875","targetHints":{"allow":["GET"]}}],"collection":[{"href":"https:\/\/www.europesays.com\/pt\/wp-json\/wp\/v2\/posts"}],"about":[{"href":"https:\/\/www.europesays.com\/pt\/wp-json\/wp\/v2\/types\/post"}],"author":[{"embeddable":true,"href":"https:\/\/www.europesays.com\/pt\/wp-json\/wp\/v2\/users\/2"}],"replies":[{"embeddable":true,"href":"https:\/\/www.europesays.com\/pt\/wp-json\/wp\/v2\/comments?post=223875"}],"version-history":[{"count":0,"href":"https:\/\/www.europesays.com\/pt\/wp-json\/wp\/v2\/posts\/223875\/revisions"}],"wp:featuredmedia":[{"embeddable":true,"href":"https:\/\/www.europesays.com\/pt\/wp-json\/wp\/v2\/media\/223876"}],"wp:attachment":[{"href":"https:\/\/www.europesays.com\/pt\/wp-json\/wp\/v2\/media?parent=223875"}],"wp:term":[{"taxonomy":"category","embeddable":true,"href":"https:\/\/www.europesays.com\/pt\/wp-json\/wp\/v2\/categories?post=223875"},{"taxonomy":"post_tag","embeddable":true,"href":"https:\/\/www.europesays.com\/pt\/wp-json\/wp\/v2\/tags?post=223875"}],"curies":[{"name":"wp","href":"https:\/\/api.w.org\/{rel}","templated":true}]}}