{"id":223882,"date":"2026-01-10T19:19:08","date_gmt":"2026-01-10T19:19:08","guid":{"rendered":"https:\/\/www.europesays.com\/pt\/223882\/"},"modified":"2026-01-10T19:19:08","modified_gmt":"2026-01-10T19:19:08","slug":"a-melhor-tasca-de-lisboa-a-vitela-e-daquelas-que-parece-ter-sido-feita-pela-avo-num-domingo","status":"publish","type":"post","link":"https:\/\/www.europesays.com\/pt\/223882\/","title":{"rendered":"A melhor tasca de Lisboa? A vitela \u00e9 \u201cdaquelas que parece ter sido feita pela av\u00f3 num domingo\u201d"},"content":{"rendered":"<p>Para quem gosta de conhecer s\u00edtios novos, basta, \u00e0s vezes, um \u00fanico v\u00eddeo para <a href=\"https:\/\/versa.iol.pt\/tasca-da-badalhoca\/restaurante\/so-pagas-10-euros-neste-tasco-tipicamente-portugues-com-os-melhores-petiscos-e-vinhos-do-pais\/20260107\/695d2d4ed34e92a344970d60\" rel=\"nofollow noopener\" target=\"_blank\">acrescentarmos mais um nome \u00e0 lista<\/a>. E quando esse v\u00eddeo come\u00e7a com \u201cviemos visitar aquilo que dizem ser a melhor tasca de Lisboa\u201d, \u00e9 dif\u00edcil n\u00e3o parar para ver.<\/p>\n<p>Foi exatamente isso que aconteceu com um v\u00eddeo de Tatiana Tert\u00falia, criadora de conte\u00fados, que j\u00e1 soma mais de 12 mil likes e foi guardado por quase 5 mil pessoas, o que espelha a curiosidade que tamb\u00e9m sentimos.<\/p>\n<p>O destino foi o Restaurante Jaguar, em Lisboa, e, logo no in\u00edcio do v\u00eddeo, h\u00e1 uma frase que define o esp\u00edrito do lugar: \u201cSe vamos comer em travessas de alum\u00ednio, j\u00e1 sabemos que vai ser bom\u201d.<\/p>\n<p>No v\u00eddeo, Tatiana mostra o que pediu, come\u00e7ando por uma vitela estufada que descreve como sendo \u201cdaquelas que parecem ter sido feitas pela av\u00f3 num domingo\u201d. Fala de uma carne \u201csuculenta\u201d, de um prato cheio de molho e de um sabor \u201ct\u00e3o caseiro que d\u00e1 vontade de lamber o prato&#8221;.<\/p>\n<p>A parte das sobremesas surge como um dos momentos de maior indecis\u00e3o. \u201cTanta coisa boa que at\u00e9 fic\u00e1mos baralhadas\u201d, conta, antes de revelar a escolha final. Entre as v\u00e1rias op\u00e7\u00f5es, h\u00e1 uma que se destaca: \u201cProv\u00e1mos o melhor tiramisu de sempre. Sim, at\u00e9 melhor do que o de Roma\u201d.<\/p>\n<blockquote cite=\"https:\/\/www.tiktok.com\/@tatianatertulia\/video\/7527746170697895190\" class=\"tiktok-embed\" data-video-id=\"7527746170697895190\" style=\"max-width: 605px;min-width: 325px;\"><p>\n  <a href=\"https:\/\/www.tiktok.com\/@tatianatertulia?refer=embed\" target=\"_blank\" title=\"@tatianatertulia\" rel=\"nofollow noopener\">@tatianatertulia<\/a> A melhor tasca de Lisboa? Fomos l\u00e1 e volt\u00e1vamos j\u00e1 amanh\u00e3 <a href=\"https:\/\/www.tiktok.com\/tag\/comidaportuguesa?refer=embed\" target=\"_blank\" title=\"comidaportuguesa\" rel=\"nofollow noopener\">#comidaportuguesa<\/a> <a href=\"https:\/\/www.tiktok.com\/tag\/restaurantes?refer=embed\" target=\"_blank\" title=\"restaurantes\" rel=\"nofollow noopener\">#restaurantes<\/a> <a href=\"https:\/\/www.tiktok.com\/tag\/restauranteslisboa?refer=embed\" target=\"_blank\" title=\"restauranteslisboa\" rel=\"nofollow noopener\">#restauranteslisboa<\/a> @crisstianasantos\ud83c\udf2a\ufe0f @MataPatoos @Vitor b Domingues <a href=\"https:\/\/www.tiktok.com\/music\/original-sound-7208656820190399237?refer=embed\" target=\"_blank\" title=\"\u266c original sound - 80s throwback hits\" rel=\"nofollow noopener\">\u266c original sound &#8211; 80s throwback hits<\/a> <\/p>\n<\/blockquote>\n<p>J\u00e1 perto do fim, resume a visita com uma frase simples: \u201cSa\u00edmos de barriga cheia e cora\u00e7\u00e3o ainda mais cheio\u201d, refor\u00e7ando a ideia de conforto e de comida feita com tempo, associada tantas vezes \u00e0s tascas portuguesas.<\/p>\n<p>Nos coment\u00e1rios, acumulam-se as rea\u00e7\u00f5es de quem diz conhecer bem o espa\u00e7o. \u201cComo no Jaguar h\u00e1 mais de 30 anos\u201d, escreve uma seguidora. \u201cTem um peixe maravilhoso.\u201d Outra acrescenta: \u201cConfirmo, j\u00e1 fui a\u00ed. Espetacular.\u201d<\/p>\n<p>Entre quem chega agora ao nome Restaurante Jaguar e quem garante que o frequenta h\u00e1 d\u00e9cadas, uma coisa parece clara: continua a ser um daqueles <a href=\"https:\/\/versa.iol.pt\/restaurante\/porto\/no-porto-ha-uma-tasca-com-comida-que-nos-lembra-como-era-comer-antigamente\/20251204\/692fffa3d34e3caad84bf5ba\" rel=\"nofollow noopener\" target=\"_blank\">espa\u00e7os que regressam \u00e0s conversas sempre que se fala de comida portuguesa aut\u00eantica<\/a> e de sabores que sabem a casa.<\/p>\n<p>                            <script async src=\"\/\/www.tiktok.com\/embed.js\"><\/script><\/p>\n","protected":false},"excerpt":{"rendered":"Para quem gosta de conhecer s\u00edtios novos, basta, \u00e0s vezes, um \u00fanico v\u00eddeo para acrescentarmos mais um nome&hellip;\n","protected":false},"author":2,"featured_media":223883,"comment_status":"","ping_status":"","sticky":false,"template":"","format":"standard","meta":{"footnotes":""},"categories":[83],"tags":[1081,88,204,89,90,754,5297,186,797,1079,32,33,22011,1078,1080],"class_list":{"0":"post-223882","1":"post","2":"type-post","3":"status-publish","4":"format-standard","5":"has-post-thumbnail","7":"category-empresas","8":"tag-beleza","9":"tag-business","10":"tag-design","11":"tag-economy","12":"tag-empresas","13":"tag-gastronomia","14":"tag-jaguar","15":"tag-lifestyle","16":"tag-lisboa","17":"tag-moda","18":"tag-portugal","19":"tag-pt","20":"tag-tasca","21":"tag-versa","22":"tag-viagens"},"share_on_mastodon":{"url":"https:\/\/pubeurope.com\/@pt\/115872423202453519","error":""},"_links":{"self":[{"href":"https:\/\/www.europesays.com\/pt\/wp-json\/wp\/v2\/posts\/223882","targetHints":{"allow":["GET"]}}],"collection":[{"href":"https:\/\/www.europesays.com\/pt\/wp-json\/wp\/v2\/posts"}],"about":[{"href":"https:\/\/www.europesays.com\/pt\/wp-json\/wp\/v2\/types\/post"}],"author":[{"embeddable":true,"href":"https:\/\/www.europesays.com\/pt\/wp-json\/wp\/v2\/users\/2"}],"replies":[{"embeddable":true,"href":"https:\/\/www.europesays.com\/pt\/wp-json\/wp\/v2\/comments?post=223882"}],"version-history":[{"count":0,"href":"https:\/\/www.europesays.com\/pt\/wp-json\/wp\/v2\/posts\/223882\/revisions"}],"wp:featuredmedia":[{"embeddable":true,"href":"https:\/\/www.europesays.com\/pt\/wp-json\/wp\/v2\/media\/223883"}],"wp:attachment":[{"href":"https:\/\/www.europesays.com\/pt\/wp-json\/wp\/v2\/media?parent=223882"}],"wp:term":[{"taxonomy":"category","embeddable":true,"href":"https:\/\/www.europesays.com\/pt\/wp-json\/wp\/v2\/categories?post=223882"},{"taxonomy":"post_tag","embeddable":true,"href":"https:\/\/www.europesays.com\/pt\/wp-json\/wp\/v2\/tags?post=223882"}],"curies":[{"name":"wp","href":"https:\/\/api.w.org\/{rel}","templated":true}]}}