{"id":223937,"date":"2026-01-10T20:16:07","date_gmt":"2026-01-10T20:16:07","guid":{"rendered":"https:\/\/www.europesays.com\/pt\/223937\/"},"modified":"2026-01-10T20:16:07","modified_gmt":"2026-01-10T20:16:07","slug":"mercadona-vence-recurso-judicial-sobre-funcionario-que-comia-croissants-e-biscoitos-sem-pagar","status":"publish","type":"post","link":"https:\/\/www.europesays.com\/pt\/223937\/","title":{"rendered":"Mercadona vence recurso judicial sobre funcion\u00e1rio que comia croissants e biscoitos sem pagar"},"content":{"rendered":"<p>O Tribunal Superior de Justi\u00e7a de Castilla-La Mancha confirmou a demiss\u00e3o de um funcion\u00e1rio da Mercadona que foi apanhado a consumir repetidamente produtos da cadeia de supermercados sem efetuar o pagamento. A decis\u00e3o judicial considera que o comportamento constituiu uma quebra grave de boa-f\u00e9 e abuso de confian\u00e7a.<\/p>\n<p>O homem, que trabalhava na empresa desde o final de 2019, foi despedido em mar\u00e7o de 2023 depois de v\u00e1rios epis\u00f3dios em que consumiu croissants, biscoitos de chocolate e outros produtos durante o expediente. O caso veio \u00e0 tona ap\u00f3s a empresa detetar discrep\u00e2ncias no invent\u00e1rio e instalar c\u00e2maras de seguran\u00e7a discretas no armaz\u00e9m, captando as a\u00e7\u00f5es irregulares.<\/p>\n<p>O funcion\u00e1rio contestou a decis\u00e3o em primeira inst\u00e2ncia, mas o Tribunal Social n\u00ba 2 de Toledo rejeitou a queixa, considerando a demiss\u00e3o justificada. Insatisfeito, recorreu ao Tribunal Superior de Justi\u00e7a de Castilla-La Mancha, pedindo entre outros pontos a altera\u00e7\u00e3o na reda\u00e7\u00e3o dos factos, a prescri\u00e7\u00e3o da infra\u00e7\u00e3o e a alega\u00e7\u00e3o de viola\u00e7\u00e3o constitucional. Todos os argumentos foram rejeitados.<\/p>\n<p>O tribunal explicou que a avalia\u00e7\u00e3o das provas cabe ao juiz de primeira inst\u00e2ncia e que n\u00e3o houve erro manifesto. Quanto \u00e0 alega\u00e7\u00e3o de prescri\u00e7\u00e3o, o tribunal considerou que se tratava de um erro material na data indicada na carta de demiss\u00e3o, sem causar preju\u00edzo real. A acusa\u00e7\u00e3o de viola\u00e7\u00e3o do artigo 18.\u00ba da Constitui\u00e7\u00e3o espanhola tamb\u00e9m foi refutada: a videovigil\u00e2ncia era limitada ao armaz\u00e9m, proporcional \u00e0 suspeita de irregularidades e devidamente sinalizada.<\/p>\n<p>O funcion\u00e1rio alegou ainda que a medida disciplinar foi desproporcional, mas o tribunal reiterou que o consumo consciente e reiterado de produtos sem pagamento compromete a confian\u00e7a essencial numa rela\u00e7\u00e3o laboral, independentemente do valor dos produtos. Com isso, a decis\u00e3o do tribunal inferior foi mantida e a demiss\u00e3o considerada justificada, sem direito a qualquer indemniza\u00e7\u00e3o.<\/p>\n","protected":false},"excerpt":{"rendered":"O Tribunal Superior de Justi\u00e7a de Castilla-La Mancha confirmou a demiss\u00e3o de um funcion\u00e1rio da Mercadona que foi&hellip;\n","protected":false},"author":2,"featured_media":144853,"comment_status":"","ping_status":"","sticky":false,"template":"","format":"standard","meta":{"footnotes":""},"categories":[83],"tags":[88,89,90,32,33],"class_list":{"0":"post-223937","1":"post","2":"type-post","3":"status-publish","4":"format-standard","5":"has-post-thumbnail","7":"category-empresas","8":"tag-business","9":"tag-economy","10":"tag-empresas","11":"tag-portugal","12":"tag-pt"},"share_on_mastodon":{"url":"https:\/\/pubeurope.com\/@pt\/115872647317308635","error":""},"_links":{"self":[{"href":"https:\/\/www.europesays.com\/pt\/wp-json\/wp\/v2\/posts\/223937","targetHints":{"allow":["GET"]}}],"collection":[{"href":"https:\/\/www.europesays.com\/pt\/wp-json\/wp\/v2\/posts"}],"about":[{"href":"https:\/\/www.europesays.com\/pt\/wp-json\/wp\/v2\/types\/post"}],"author":[{"embeddable":true,"href":"https:\/\/www.europesays.com\/pt\/wp-json\/wp\/v2\/users\/2"}],"replies":[{"embeddable":true,"href":"https:\/\/www.europesays.com\/pt\/wp-json\/wp\/v2\/comments?post=223937"}],"version-history":[{"count":0,"href":"https:\/\/www.europesays.com\/pt\/wp-json\/wp\/v2\/posts\/223937\/revisions"}],"wp:featuredmedia":[{"embeddable":true,"href":"https:\/\/www.europesays.com\/pt\/wp-json\/wp\/v2\/media\/144853"}],"wp:attachment":[{"href":"https:\/\/www.europesays.com\/pt\/wp-json\/wp\/v2\/media?parent=223937"}],"wp:term":[{"taxonomy":"category","embeddable":true,"href":"https:\/\/www.europesays.com\/pt\/wp-json\/wp\/v2\/categories?post=223937"},{"taxonomy":"post_tag","embeddable":true,"href":"https:\/\/www.europesays.com\/pt\/wp-json\/wp\/v2\/tags?post=223937"}],"curies":[{"name":"wp","href":"https:\/\/api.w.org\/{rel}","templated":true}]}}