{"id":223946,"date":"2026-01-10T20:23:07","date_gmt":"2026-01-10T20:23:07","guid":{"rendered":"https:\/\/www.europesays.com\/pt\/223946\/"},"modified":"2026-01-10T20:23:07","modified_gmt":"2026-01-10T20:23:07","slug":"esposa-de-pedro-leonardo-mostra-festa-da-filha-na-fazenda-talisma","status":"publish","type":"post","link":"https:\/\/www.europesays.com\/pt\/223946\/","title":{"rendered":"Esposa de Pedro Leonardo mostra festa da filha na Fazenda Talism\u00e3"},"content":{"rendered":"<p>A\u00a0esposa de <a href=\"https:\/\/caras.com.br\/tags\/pedro-leonardo\" target=\"_blank\" rel=\"noopener nofollow\"><strong>Pedro Leonardo<\/strong><\/a>, a influencer <a href=\"https:\/\/caras.com.br\/tags\/thais-gebelein\" target=\"_blank\" rel=\"noopener nofollow\"><strong>Thais Gebelein<\/strong><\/a>, mostrou que a filha ca\u00e7ula deles, <strong>Maria Vit\u00f3ria<\/strong>, ganhou uma festinha na Fazenda Talism\u00e3 para comemorar os oito anos dela. Nesta sexta-feira, o9, a influenciadora digital postou um v\u00eddeo mostrando como foi a comemora\u00e7\u00e3o e agradeceu aos av\u00f4s paternos da garota.<\/p>\n<p>Com tema de Lilo e Stitch, a garota celebrou o anivers\u00e1rio ao lado do tio, <strong>Matheus Vargas<\/strong>, que tamb\u00e9m ganhou um bolo e uma decora\u00e7\u00e3o de Pikachu para comemorar seus 27 anos.<\/p>\n<p>\u201cFeliz Vida, \u201cMINHA VIDA\u201d \u2013 te amamos muito! Obrigada Vov\u00f3, vov\u00f4\u201d, escreveu Thais Gebelein agradecendo Leonardo e Poliana Rocha pela festinha na fazenda com a fam\u00edlia.<\/p>\n<p> Veja a festinha da neta de Leonardo na Fazenda Talism\u00e3: <\/p>\n<blockquote class=\"instagram-media\" style=\"background: #FFF; border: 0; border-radius: 3px; box-shadow: 0 0 1px 0 rgba(0,0,0,0.5),0 1px 10px 0 rgba(0,0,0,0.15); margin: 1px; max-width: 540px; min-width: 326px; padding: 0; width: calc(100% - 2px);\" data-instgrm-captioned=\"\" data-instgrm-permalink=\"https:\/\/www.instagram.com\/reel\/DTSy8bqDiqE\/?utm_source=ig_embed&amp;utm_campaign=loading\" data-instgrm-version=\"14\"><\/blockquote>\n<p> Poliana Rocha mostra como est\u00e1 cuidando dos netos na Fazenda Talism\u00e3 <\/p>\n<p>A esposa de <strong>Leonardo<\/strong>, <a href=\"https:\/\/caras.com.br\/tags\/poliana-rocha\" rel=\"nofollow noopener\" target=\"_blank\"><strong>Poliana Rocha<\/strong><\/a>, compartilhou um v\u00eddeo nesta sexta-feira, 09, mostrando como est\u00e1 cuidando dos netos na Fazenda Talism\u00e3.<\/p>\n<p>A m\u00e3e de <strong>Z\u00e9 Felipe<\/strong> mais uma vez exibiu o amor e carinho intenso que tem pelas crian\u00e7as. Al\u00e9m de pedir para prepararem v\u00e1rias refei\u00e7\u00f5es especiais para eles, a empres\u00e1ria mostrou que eles se divertem com diversas atividades. Piscina, cavalos, animais, igreja e muito mais s\u00e3o algumas das coisas que fazem na fazenda.<\/p>\n<p>\u201cMeus netos s\u00e3o a resposta silenciosa de tudo que um dia pedi a Deus! Obrigada SENHOR,por me permitir viver momentos assim\u201d, escreveu ela sobre a experi\u00eancia de ser av\u00f3. Al\u00e9m de Maria Alice, Maria Flor e Jos\u00e9 Leonardo, Maria Sophia e Maria Vit\u00f3ria tamb\u00e9m apareceram curtindo o local. <a href=\"https:\/\/caras.com.br\/atualidades\/poliana-rocha-mostra-como-esta-cuidando-dos-netos-na-fazenda-talisma.phtml\" rel=\"nofollow noopener\" target=\"_blank\">Veja mais aqui<\/a>!<\/p>\n<p> Crise no casamento de Pedro Leonardo e Thais <\/p>\n<p>Por estarem h\u00e1 mais de uma d\u00e9cada juntos, Thais e Pedro Leonardo, assim como muitos casais, j\u00e1 enfrentaram crises na rela\u00e7\u00e3o. Inclusive, a influenciadora n\u00e3o escondeu para a CARAS ao ser questionada sobre o assunto. Sincera, a loira admitiu mais de uma e falou sobre superar a situa\u00e7\u00e3o para preservar a fam\u00edlia que formaram.<\/p>\n<p>\u201cQuem nunca? Uma n\u00e3o, algumas! Mas pra conta mesmo foram duas, uma ele e a outra eu, e a supera\u00e7\u00e3o veio com conversas e reavalia\u00e7\u00f5es para acertarmos os ponteiros, os quais todos temos que passar uma, duas vezes na vida, ou at\u00e9 mais! Espero que sempre tenhamos raz\u00f5es para recome\u00e7ar, porque quando a gente olha tudo o que passou, a fam\u00edlia que constru\u00edmos, n\u00e3o tem o porque n\u00e3o superar\u201d, <a href=\"https:\/\/caras.com.br\/atualidades\/thais-gebelein-revela-como-conheceu-pedro-leonardo-e-crise-no-casamento-superacao.phtml\" rel=\"nofollow noopener\" target=\"_blank\">declarou e deu mais detalhes da rela\u00e7\u00e3o<\/a>.<\/p>\n<p>\u00a0<\/p>\n<p>        <a href=\"https:\/\/caras.com.br\/autor\/nataly-paschoal\" rel=\"nofollow noopener\" target=\"_blank\">&#13;<br \/>\n          <img loading=\"lazy\" decoding=\"async\" alt=\"Nataly Paschoal\" src=\"https:\/\/www.europesays.com\/pt\/wp-content\/uploads\/2025\/12\/nataly-paschoal_sqmd.jpg\" class=\"avatar avatar-115 photo rounded-circle\" height=\"115\" width=\"115\"\/>        <\/a><\/p>\n<p><b>Nataly Paschoal <\/b>\u00e9 rep\u00f3rter de conte\u00fado do site CARAS. Formada em jornalismo pela Faculdade C\u00e1sper L\u00edbero, ela j\u00e1 passou por sites como Todateen, Sportlife e espnW. Escreve sobre celebridades, TV, reality show e novelas.<\/p>\n<p>\t                                            <script async src=\"\/\/www.instagram.com\/embed.js\"><\/script><\/p>\n","protected":false},"excerpt":{"rendered":"A\u00a0esposa de Pedro Leonardo, a influencer Thais Gebelein, mostrou que a filha ca\u00e7ula deles, Maria Vit\u00f3ria, ganhou uma&hellip;\n","protected":false},"author":2,"featured_media":223947,"comment_status":"","ping_status":"","sticky":false,"template":"","format":"standard","meta":{"footnotes":""},"categories":[142],"tags":[114,115,43200,2159,42889,43201,32926,32,33,43202,151],"class_list":{"0":"post-223946","1":"post","2":"type-post","3":"status-publish","4":"format-standard","5":"has-post-thumbnail","7":"category-tv","8":"tag-entertainment","9":"tag-entretenimento","10":"tag-filha-pedro-leonardo","11":"tag-leonardo","12":"tag-matheus-vargas","13":"tag-neta-leonardo","14":"tag-pedro-leonardo","15":"tag-portugal","16":"tag-pt","17":"tag-thais-gebelein","18":"tag-tv"},"share_on_mastodon":{"url":"https:\/\/pubeurope.com\/@pt\/115872674796376468","error":""},"_links":{"self":[{"href":"https:\/\/www.europesays.com\/pt\/wp-json\/wp\/v2\/posts\/223946","targetHints":{"allow":["GET"]}}],"collection":[{"href":"https:\/\/www.europesays.com\/pt\/wp-json\/wp\/v2\/posts"}],"about":[{"href":"https:\/\/www.europesays.com\/pt\/wp-json\/wp\/v2\/types\/post"}],"author":[{"embeddable":true,"href":"https:\/\/www.europesays.com\/pt\/wp-json\/wp\/v2\/users\/2"}],"replies":[{"embeddable":true,"href":"https:\/\/www.europesays.com\/pt\/wp-json\/wp\/v2\/comments?post=223946"}],"version-history":[{"count":0,"href":"https:\/\/www.europesays.com\/pt\/wp-json\/wp\/v2\/posts\/223946\/revisions"}],"wp:featuredmedia":[{"embeddable":true,"href":"https:\/\/www.europesays.com\/pt\/wp-json\/wp\/v2\/media\/223947"}],"wp:attachment":[{"href":"https:\/\/www.europesays.com\/pt\/wp-json\/wp\/v2\/media?parent=223946"}],"wp:term":[{"taxonomy":"category","embeddable":true,"href":"https:\/\/www.europesays.com\/pt\/wp-json\/wp\/v2\/categories?post=223946"},{"taxonomy":"post_tag","embeddable":true,"href":"https:\/\/www.europesays.com\/pt\/wp-json\/wp\/v2\/tags?post=223946"}],"curies":[{"name":"wp","href":"https:\/\/api.w.org\/{rel}","templated":true}]}}