{"id":22395,"date":"2025-08-09T13:18:10","date_gmt":"2025-08-09T13:18:10","guid":{"rendered":"https:\/\/www.europesays.com\/pt\/22395\/"},"modified":"2025-08-09T13:18:10","modified_gmt":"2025-08-09T13:18:10","slug":"john-leguizamo-critica-ex-superman-por-entrar-para-o-ice-09-08-2025-voce-viu","status":"publish","type":"post","link":"https:\/\/www.europesays.com\/pt\/22395\/","title":{"rendered":"John Leguizamo critica ex-Superman por entrar para o ICE &#8211; 09\/08\/2025 &#8211; Voc\u00ea viu?"},"content":{"rendered":"<p>\n<strong class=\"c-signature__location\">Florian\u00f3polis <\/strong>\n<\/p>\n<p>O ator e comediante colombiano John Leguizamo criticou Dean Cain \u2014 conhecido por interpretar o Superman na s\u00e9rie Lois &amp; Clark nos anos 1990 \u2014 ap\u00f3s o ator anunciar, em entrevista \u00e0 Fox News nesta quarta-feira (6),<a href=\"https:\/\/www1.folha.uol.com.br\/ilustrada\/2025\/08\/o-ex-super-homem-que-vai-virar-agente-para-deportar-imigrantes-nos-eua.shtml\" rel=\"nofollow noopener\" target=\"\"> que se alistou ao ICE<\/a> (Servi\u00e7o de Imigra\u00e7\u00e3o e Alf\u00e2ndega dos Estados Unidos) para apoiar a pol\u00edtica anti-imigra\u00e7\u00e3o do presidente americano <a href=\"https:\/\/www1.folha.uol.com.br\/folha-topicos\/donald-trump\/\" rel=\"nofollow noopener\" target=\"\">Donald Trump<\/a>.<\/p>\n<p>Ap\u00f3s a repercuss\u00e3o, Leguizamo \u2014 ator de filmes como Romeo + Juliet, Moulin Rouge! e dublador de Sid em A Era do Gelo \u2014 criticou Dean Cain em v\u00eddeo publicado nas redes sociais: &#8220;Que tipo de perdedor se voluntaria para ser um agente do ICE? Que idiota. Dean Cain, seus pronomes s\u00e3o has\/been&#8221;, trocadilho em ingl\u00eas para ex-celebridade.<\/p>\n<p>Nascido em Bogot\u00e1, capital da<a href=\"https:\/\/www1.folha.uol.com.br\/folha-topicos\/colombia\/\" rel=\"nofollow noopener\" target=\"\"> Col\u00f4mbia<\/a>, Leguizamo \u00e9 um defensor da representatividade latina em Hollywood. &#8220;Somos menos de 1% das hist\u00f3rias contadas por Hollywood, servi\u00e7os de streaming e redes, quando somos quase 20% da popula\u00e7\u00e3o e 25% da bilheteria dos EUA. Eu sinto que \u00e9 um enorme preju\u00edzo para as crian\u00e7as n\u00e3o se verem refletidas de forma positiva&#8221;, disse \u00e0 revista People em 2020.<\/p>\n<p>Dean Cain afirmou que decidiu integrar a ag\u00eancia ap\u00f3s viralizar, nas redes sociais, na ter\u00e7a-feira (5), um an\u00fancio que convidava cidad\u00e3os americanos a se alistarem como volunt\u00e1rios no programa de deporta\u00e7\u00e3o. &#8220;Agora, conversei com alguns oficiais e vou ser empossado como agente do ICE o mais r\u00e1pido poss\u00edvel&#8221;, declarou o ator.<\/p>\n<p>Ele disse que os EUA foram constru\u00eddos por &#8220;patriotas&#8221; que se destacaram e fizeram &#8220;a coisa certa&#8221;, e disse acreditar que se alistar ao ICE seja justamente &#8220;a coisa certa&#8221;. Ele acrescentou que o <a href=\"https:\/\/www1.folha.uol.com.br\/mundo\/2025\/01\/entenda-como-e-processo-de-deportacao-de-imigrantes-em-situacao-irregular-nos-eua.shtml\" rel=\"nofollow noopener\" target=\"\">sistema de imigra\u00e7\u00e3o<\/a> do pa\u00eds est\u00e1 &#8220;falido&#8221;.<\/p>\n<p>&#8220;O Congresso precisa resolver isso, mas, enquanto isso, o presidente Trump fez campanha com base nisso. Ele est\u00e1 cumprindo essa promessa. Foi por isso que as pessoas votaram nele. Foi por isso que eu votei nele, e ele vai levar isso adiante \u2014 e eu vou fazer a minha parte para ajudar a garantir que aconte\u00e7a&#8221;, disse.<\/p>\n<p>Em julho, o Congresso aprovou um aumento maci\u00e7o no financiamento do ICE, elevando seu or\u00e7amento anual de 8 bilh\u00f5es para cerca de 28 bilh\u00f5es de d\u00f3lares. Isso far\u00e1 do ICE a ag\u00eancia de aplica\u00e7\u00e3o da lei mais bem financiada do governo federal. Na quarta-feira, o ICE anunciou que removeria o limite de idade para candidatos, que antes aceitava apenas pessoas entre 21 e 40 anos.<\/p>\n","protected":false},"excerpt":{"rendered":"Florian\u00f3polis O ator e comediante colombiano John Leguizamo criticou Dean Cain \u2014 conhecido por interpretar o Superman na&hellip;\n","protected":false},"author":2,"featured_media":22396,"comment_status":"","ping_status":"","sticky":false,"template":"","format":"standard","meta":{"footnotes":""},"categories":[145],"tags":[219,211,210,223,7989,92,7990,114,115,224,225,226,221,220,222,7988,32,33,218,228,227],"class_list":{"0":"post-22395","1":"post","2":"type-post","3":"status-publish","4":"format-standard","5":"has-post-thumbnail","7":"category-celebridades","8":"tag-bichos","9":"tag-celebridades","10":"tag-celebrities","11":"tag-colunistas","12":"tag-deportao","13":"tag-donald-trump","14":"tag-editoria-f5","15":"tag-entertainment","16":"tag-entretenimento","17":"tag-estranho","18":"tag-eu-amo","19":"tag-fofices","20":"tag-horoscopo","21":"tag-humanos","22":"tag-humor","23":"tag-john-leguizamo","24":"tag-portugal","25":"tag-pt","26":"tag-televisao","27":"tag-tudo","28":"tag-videos"},"share_on_mastodon":{"url":"","error":""},"_links":{"self":[{"href":"https:\/\/www.europesays.com\/pt\/wp-json\/wp\/v2\/posts\/22395","targetHints":{"allow":["GET"]}}],"collection":[{"href":"https:\/\/www.europesays.com\/pt\/wp-json\/wp\/v2\/posts"}],"about":[{"href":"https:\/\/www.europesays.com\/pt\/wp-json\/wp\/v2\/types\/post"}],"author":[{"embeddable":true,"href":"https:\/\/www.europesays.com\/pt\/wp-json\/wp\/v2\/users\/2"}],"replies":[{"embeddable":true,"href":"https:\/\/www.europesays.com\/pt\/wp-json\/wp\/v2\/comments?post=22395"}],"version-history":[{"count":0,"href":"https:\/\/www.europesays.com\/pt\/wp-json\/wp\/v2\/posts\/22395\/revisions"}],"wp:featuredmedia":[{"embeddable":true,"href":"https:\/\/www.europesays.com\/pt\/wp-json\/wp\/v2\/media\/22396"}],"wp:attachment":[{"href":"https:\/\/www.europesays.com\/pt\/wp-json\/wp\/v2\/media?parent=22395"}],"wp:term":[{"taxonomy":"category","embeddable":true,"href":"https:\/\/www.europesays.com\/pt\/wp-json\/wp\/v2\/categories?post=22395"},{"taxonomy":"post_tag","embeddable":true,"href":"https:\/\/www.europesays.com\/pt\/wp-json\/wp\/v2\/tags?post=22395"}],"curies":[{"name":"wp","href":"https:\/\/api.w.org\/{rel}","templated":true}]}}