{"id":223961,"date":"2026-01-10T20:33:08","date_gmt":"2026-01-10T20:33:08","guid":{"rendered":"https:\/\/www.europesays.com\/pt\/223961\/"},"modified":"2026-01-10T20:33:08","modified_gmt":"2026-01-10T20:33:08","slug":"fenprof-ministerio-da-educacao-acrescenta-foco-de-perturbacao-das-escolas-com-sumarios-rtp","status":"publish","type":"post","link":"https:\/\/www.europesays.com\/pt\/223961\/","title":{"rendered":"Fenprof. Minist\u00e9rio da Educa\u00e7\u00e3o acrescenta &quot;foco de perturba\u00e7\u00e3o das escolas&quot; com sum\u00e1rios &#8211; RTP"},"content":{"rendered":"<ol>\n<li><a href=\"https:\/\/news.google.com\/rss\/articles\/CBMixwFBVV95cUxPaU03Z2dsZGJxeDQ2ejEwX002V0w2RjBuaEJsM0tBQmUxV1NOcVNGVlJPWkpiUlN2eEFkekM3eVZtdnhNV0Z2TWU0Qml4RHYzeWVDdFZfenJKZVFOMkplTHRtNkxxZHU4S1oxWC1RMVF1bzdGNEVfd1plZ29SRThSSUtIZzFnc3d5Y2RjNW4tcUJzaHEwUl8wdUFxbGxwYjROQ1I0YjVfYjhWWmZsU3lYaWlHc0JVZm9mUEwwM3VFVXJTbUx6bHlJ?oc=5\" target=\"_blank\" rel=\"nofollow noopener\">Fenprof. Minist\u00e9rio da Educa\u00e7\u00e3o acrescenta &#8220;foco de perturba\u00e7\u00e3o das escolas&#8221; com sum\u00e1rios<\/a>&nbsp;&nbsp;RTP<\/li>\n<li><a href=\"https:\/\/news.google.com\/rss\/articles\/CBMitwFBVV95cUxPazlLMzJFbW1ub1JVR0JFamJnZDJUTFR3U3pBd00wN0tVWGhyNjZSWkVUNnEzWGx4XzRfSFVlZk9PREloekZsM1l3SmJLVTZpMHNxbm16bzRTMmc2TzVLTnFBaldHeVpjNlZaeW1XNDQzSFVHZW9ydkN1M0JTa0pWZU1kRHNrMFNabW9rdFRBdzNTcGZoVTFKY2RMY0FTcjU3bGhDcU9NcGRkTFhRR1JsY1dUckl3ZVU?oc=5\" target=\"_blank\" rel=\"nofollow noopener\">Fenprof critica registo obrigat\u00f3rio de sum\u00e1rios. Governo diz que precisa de &#8220;dados fi\u00e1veis&#8221; para gest\u00e3o<\/a>&nbsp;&nbsp;Di\u00e1rio de Not\u00edcias<\/li>\n<li><a href=\"https:\/\/news.google.com\/rss\/articles\/CBMipAFBVV95cUxQcTZwZGdHYlVSZDVNUmRFSzJQQzU3VC1EX1Y3VVplMTV3bl9xbDdsS1ZPdDk2UWY2c2lnVENtTmEtUlNzRGljWExkOGsyR3ozMG92TjVDVmZLblUxUXJ6V09UZXd3SFc2ZWpPRl9TT2lwem9QVFJJZUkwTHY5LXlzYnVvWUpkZHM5VzdnNURsMGRxQ3hQVWJZb3FDN1V4dzVyNXFpaQ?oc=5\" target=\"_blank\" rel=\"nofollow noopener\">Professores n\u00e3o querem fazer sum\u00e1rios?<\/a>&nbsp;&nbsp;Observador<\/li>\n<li><a href=\"https:\/\/news.google.com\/rss\/articles\/CBMivgFBVV95cUxPdDVnd1k0d2VCRXVRREVKR05Dcnpkcy0wZzVkMlFkYUhFS3BPVWRxSXZ1TTlkdUcxYllKc2wzZThxbUxlZDNCci1wUHEzd0dXOUU4WFlIZjdldzJNcU5lX0s0bUhfSzduMTRjeGFMcTRTWERHWm93MXJ4V1JVemNxTElieUdrdTgyT1I2Vk1FR3JoeFVBc2NxamF1dHk2aEFneUV6QUlMc294STQ5Y3VKUzR4VDYyeXUxVlJ6TG9R?oc=5\" target=\"_blank\" rel=\"nofollow noopener\">Sum\u00e1rios ou sal\u00e1rios? O p\u00e2ntano da desconfian\u00e7a na Educa\u00e7\u00e3o portuguesa<\/a>&nbsp;&nbsp;Vis\u00e3o<\/li>\n<li><a href=\"https:\/\/news.google.com\/rss\/articles\/CBMivwFBVV95cUxPWHJRcTRtcFYzLWxZQXc1TnlMbnpxNzNfOUNEa1dmOThjeFpqRzNOdW1hV0JqWHp4bnoxUWttSUE0eUxrTTdkc04zd3p0Sy1BNmgxSlRIa1BTRUFXWWlRMnZzYkw4ZkF5Mm95Ml9NeWNVcE81WXVDMlJ4b2VZTnBieGN3ZTdnWWdyNHhZNmoxLXpuc1pCYVBtc0NReE9VY2NmNU9XMmpZRUR6TlVXNXpHMnQ5SWpOaFBBZnlmRXFocw?oc=5\" target=\"_blank\" rel=\"nofollow noopener\">Orienta\u00e7\u00e3o sobre sum\u00e1rios visa garantir &#8220;dados fi\u00e1veis&#8221;, diz Minist\u00e9rio da Educa\u00e7\u00e3o<\/a>&nbsp;&nbsp;jornaleconomico.sapo.pt<\/li>\n<\/ol>\n","protected":false},"excerpt":{"rendered":"Fenprof. Minist\u00e9rio da Educa\u00e7\u00e3o acrescenta &#8220;foco de perturba\u00e7\u00e3o das escolas&#8221; com sum\u00e1rios&nbsp;&nbsp;RTP Fenprof critica registo obrigat\u00f3rio de sum\u00e1rios.&hellip;\n","protected":false},"author":2,"featured_media":196976,"comment_status":"","ping_status":"","sticky":false,"template":"","format":"standard","meta":{"footnotes":""},"categories":[8],"tags":[27,28,15,16,14,25,26,21,22,12,13,19,20,32,23,24,33,17,18,29,30,31],"class_list":{"0":"post-223961","1":"post","2":"type-post","3":"status-publish","4":"format-standard","5":"has-post-thumbnail","7":"category-principais-noticias","8":"tag-breaking-news","9":"tag-breakingnews","10":"tag-featured-news","11":"tag-featurednews","12":"tag-headlines","13":"tag-latest-news","14":"tag-latestnews","15":"tag-main-news","16":"tag-mainnews","17":"tag-news","18":"tag-noticias","19":"tag-noticias-principais","20":"tag-noticiasprincipais","21":"tag-portugal","22":"tag-principais-noticias","23":"tag-principaisnoticias","24":"tag-pt","25":"tag-top-stories","26":"tag-topstories","27":"tag-ultimas","28":"tag-ultimas-noticias","29":"tag-ultimasnoticias"},"share_on_mastodon":{"url":"https:\/\/pubeurope.com\/@pt\/115872714330875273","error":""},"_links":{"self":[{"href":"https:\/\/www.europesays.com\/pt\/wp-json\/wp\/v2\/posts\/223961","targetHints":{"allow":["GET"]}}],"collection":[{"href":"https:\/\/www.europesays.com\/pt\/wp-json\/wp\/v2\/posts"}],"about":[{"href":"https:\/\/www.europesays.com\/pt\/wp-json\/wp\/v2\/types\/post"}],"author":[{"embeddable":true,"href":"https:\/\/www.europesays.com\/pt\/wp-json\/wp\/v2\/users\/2"}],"replies":[{"embeddable":true,"href":"https:\/\/www.europesays.com\/pt\/wp-json\/wp\/v2\/comments?post=223961"}],"version-history":[{"count":0,"href":"https:\/\/www.europesays.com\/pt\/wp-json\/wp\/v2\/posts\/223961\/revisions"}],"wp:featuredmedia":[{"embeddable":true,"href":"https:\/\/www.europesays.com\/pt\/wp-json\/wp\/v2\/media\/196976"}],"wp:attachment":[{"href":"https:\/\/www.europesays.com\/pt\/wp-json\/wp\/v2\/media?parent=223961"}],"wp:term":[{"taxonomy":"category","embeddable":true,"href":"https:\/\/www.europesays.com\/pt\/wp-json\/wp\/v2\/categories?post=223961"},{"taxonomy":"post_tag","embeddable":true,"href":"https:\/\/www.europesays.com\/pt\/wp-json\/wp\/v2\/tags?post=223961"}],"curies":[{"name":"wp","href":"https:\/\/api.w.org\/{rel}","templated":true}]}}