{"id":223968,"date":"2026-01-10T20:39:07","date_gmt":"2026-01-10T20:39:07","guid":{"rendered":"https:\/\/www.europesays.com\/pt\/223968\/"},"modified":"2026-01-10T20:39:07","modified_gmt":"2026-01-10T20:39:07","slug":"superman-james-gunn-celebra-vitoria-no-astra-awards-2026","status":"publish","type":"post","link":"https:\/\/www.europesays.com\/pt\/223968\/","title":{"rendered":"Superman | James Gunn celebra vit\u00f3ria no Astra Awards 2026"},"content":{"rendered":"<p class=\"wp-block-yoast-seo-estimated-reading-time yoast-reading-time__wrapper\">Estimated reading time: 2 minutos<\/p>\n<p>Na noite de ontem (9), a temporada de premia\u00e7\u00f5es ganhou um cap\u00edtulo importante para os f\u00e3s da <strong>DC<\/strong>. <a href=\"https:\/\/ovicio.com.br\/filme\/superman-legacy\/\" rel=\"nofollow noopener\" target=\"_blank\">Superman<\/a> (2025) foi o grande vencedor em sua categoria no <strong>Astra Awards 2026<\/strong>, levando o pr\u00eamio de <strong>Melhor Filme de A\u00e7\u00e3o ou Fic\u00e7\u00e3o Cient\u00edfica<\/strong>.<\/p>\n<p>O diretor e roteirista do longa, <strong>James Gunn<\/strong>, utilizou suas redes sociais para celebrar a conquista e agradecer \u00e0 organiza\u00e7\u00e3o do evento:<\/p>\n<p><strong>&#8220;Obrigado \u00e0 Hollywood Creative Alliance por nomear Superman como o melhor filme de a\u00e7\u00e3o\/fic\u00e7\u00e3o cient\u00edfica de 2025!&#8221;<\/strong>, escreveu Gunn.<\/p>\n<p>Para quem n\u00e3o est\u00e1 familiarizado, o <strong>Astra Awards<\/strong> (anteriormente conhecido como <strong>HCA Film Awards<\/strong>) se diferencia de premia\u00e7\u00f5es mais tradicionais, como o <strong>Oscar<\/strong>, por ter um foco muito maior em filmes de g\u00eanero. A premia\u00e7\u00e3o costuma celebrar longas de terror, a\u00e7\u00e3o, fic\u00e7\u00e3o cient\u00edfica e super-her\u00f3is que, muitas vezes, s\u00e3o ignorados pelas academias mais conservadoras.<\/p>\n<p>Apesar da vit\u00f3ria, nem <strong>James Gunn<\/strong> nem seu parceiro na lideran\u00e7a da <strong>DC Studios<\/strong>, <strong>Peter Safran<\/strong>, estiveram presentes para receber a estatueta.<\/p>\n<p>O pr\u00eamio foi aceito pelo produtor <strong>Galen Vaisman<\/strong>. Em seu discurso de agradecimento, Vaisman revelou o (\u00f3timo) motivo da aus\u00eancia dos chefes: ambos est\u00e3o atualmente em Atlanta, focados na pr\u00e9-produ\u00e7\u00e3o da sequ\u00eancia, intitulada <strong>Homem do Amanh\u00e3<\/strong> (Man of Tomorrow).<\/p>\n<p>Vale lembrar que <strong>Superman<\/strong> (2025) j\u00e1 est\u00e1 dispon\u00edvel no cat\u00e1logo da <strong>HBO Max<\/strong>.<\/p>\n<p>A continua\u00e7\u00e3o, que tamb\u00e9m contar\u00e1 com roteiro e dire\u00e7\u00e3o de <strong>James Gunn<\/strong>, tem estreia agendada nos cinemas para 8 de julho de 2027.<\/p>\n<p>Leia tamb\u00e9m sobre Superman:<\/p>\n","protected":false},"excerpt":{"rendered":"Estimated reading time: 2 minutos Na noite de ontem (9), a temporada de premia\u00e7\u00f5es ganhou um cap\u00edtulo importante&hellip;\n","protected":false},"author":2,"featured_media":223969,"comment_status":"","ping_status":"","sticky":false,"template":"","format":"standard","meta":{"footnotes":""},"categories":[140],"tags":[7319,114,115,147,148,7320,146,32,33,1248],"class_list":{"0":"post-223968","1":"post","2":"type-post","3":"status-publish","4":"format-standard","5":"has-post-thumbnail","7":"category-filmes","8":"tag-dc-studios","9":"tag-entertainment","10":"tag-entretenimento","11":"tag-film","12":"tag-filmes","13":"tag-james-gunn","14":"tag-movies","15":"tag-portugal","16":"tag-pt","17":"tag-superman"},"share_on_mastodon":{"url":"https:\/\/pubeurope.com\/@pt\/115872737874888644","error":""},"_links":{"self":[{"href":"https:\/\/www.europesays.com\/pt\/wp-json\/wp\/v2\/posts\/223968","targetHints":{"allow":["GET"]}}],"collection":[{"href":"https:\/\/www.europesays.com\/pt\/wp-json\/wp\/v2\/posts"}],"about":[{"href":"https:\/\/www.europesays.com\/pt\/wp-json\/wp\/v2\/types\/post"}],"author":[{"embeddable":true,"href":"https:\/\/www.europesays.com\/pt\/wp-json\/wp\/v2\/users\/2"}],"replies":[{"embeddable":true,"href":"https:\/\/www.europesays.com\/pt\/wp-json\/wp\/v2\/comments?post=223968"}],"version-history":[{"count":0,"href":"https:\/\/www.europesays.com\/pt\/wp-json\/wp\/v2\/posts\/223968\/revisions"}],"wp:featuredmedia":[{"embeddable":true,"href":"https:\/\/www.europesays.com\/pt\/wp-json\/wp\/v2\/media\/223969"}],"wp:attachment":[{"href":"https:\/\/www.europesays.com\/pt\/wp-json\/wp\/v2\/media?parent=223968"}],"wp:term":[{"taxonomy":"category","embeddable":true,"href":"https:\/\/www.europesays.com\/pt\/wp-json\/wp\/v2\/categories?post=223968"},{"taxonomy":"post_tag","embeddable":true,"href":"https:\/\/www.europesays.com\/pt\/wp-json\/wp\/v2\/tags?post=223968"}],"curies":[{"name":"wp","href":"https:\/\/api.w.org\/{rel}","templated":true}]}}