{"id":223978,"date":"2026-01-10T20:45:08","date_gmt":"2026-01-10T20:45:08","guid":{"rendered":"https:\/\/www.europesays.com\/pt\/223978\/"},"modified":"2026-01-10T20:45:08","modified_gmt":"2026-01-10T20:45:08","slug":"venezuela-o-gatilho-que-pode-implodir-a-uniao-europeia-e-a-nato-weekend","status":"publish","type":"post","link":"https:\/\/www.europesays.com\/pt\/223978\/","title":{"rendered":"Venezuela: o gatilho que pode implodir a Uni\u00e3o Europeia e a NATO &#8211; Weekend"},"content":{"rendered":"<p>&#13;<\/p>\n<p>&#13;<br \/>\n                                            <b>As rela\u00e7\u00f5es entre os EUA e a Europa est\u00e3o a viver os seus piores dias. Na \u00faltima semana, os l\u00edderes europeus foram apanhados de surpresa pela opera\u00e7\u00e3o militar americana na Venezuela e reagiram com cautela e a v\u00e1rias vozes, sem condenar de forma veemente um ato que viola as regras do direito internacional. Depois, quando Trump reafirmou que quer anexar a Gronel\u00e2ndia, as campainhas de alarme soaram e obrigaram a uma posi\u00e7\u00e3o mais assertiva. Contudo, as palavras s\u00e3o bem medidas, sob pena de perderem um aliado fundamental na guerra da Ucr\u00e2nia e na NATO. Se Trump n\u00e3o for travado, est\u00e1 em risco a exist\u00eancia da Alian\u00e7a Atl\u00e2ntica, ao deixar de haver uma rela\u00e7\u00e3o de confian\u00e7a entre os seus membros, e da pr\u00f3pria Uni\u00e3o Europeia, que n\u00e3o consegue reagir em bloco. Resta tentar ganhar tempo at\u00e9 \u00e0s elei\u00e7\u00f5es intercalares para o Congresso dos EUA, em novembro, cujo resultado pode ser favor\u00e1vel aos democratas.\u00a0\u00a0<\/b>&#13;\n                                        <\/p>\n<p>&#13;<br \/>\n                                        &#13;<br \/>\n&#13;<\/p>\n","protected":false},"excerpt":{"rendered":"&#13; &#13; As rela\u00e7\u00f5es entre os EUA e a Europa est\u00e3o a viver os seus piores dias. Na&hellip;\n","protected":false},"author":2,"featured_media":223979,"comment_status":"","ping_status":"","sticky":false,"template":"","format":"standard","meta":{"footnotes":""},"categories":[50],"tags":[27,28,2537,4639,92,235,15,16,13033,830,14,25,26,21,22,62,12,13,19,20,52,35098,23,24,3840,17,18,29,30,31,636,3023,63,64,65],"class_list":{"0":"post-223978","1":"post","2":"type-post","3":"status-publish","4":"format-standard","5":"has-post-thumbnail","7":"category-mundo","8":"tag-breaking-news","9":"tag-breakingnews","10":"tag-defesa","11":"tag-dinamarca","12":"tag-donald-trump","13":"tag-estados-unidos","14":"tag-featured-news","15":"tag-featurednews","16":"tag-gronelandia","17":"tag-guerra","18":"tag-headlines","19":"tag-latest-news","20":"tag-latestnews","21":"tag-main-news","22":"tag-mainnews","23":"tag-mundo","24":"tag-news","25":"tag-noticias","26":"tag-noticias-principais","27":"tag-noticiasprincipais","28":"tag-politica","29":"tag-politica-interna","30":"tag-principais-noticias","31":"tag-principaisnoticias","32":"tag-segunda-guerra-mundial","33":"tag-top-stories","34":"tag-topstories","35":"tag-ultimas","36":"tag-ultimas-noticias","37":"tag-ultimasnoticias","38":"tag-uniao-europeia","39":"tag-venezuela","40":"tag-world","41":"tag-world-news","42":"tag-worldnews"},"share_on_mastodon":{"url":"","error":"Validation failed: Text character limit of 500 exceeded"},"_links":{"self":[{"href":"https:\/\/www.europesays.com\/pt\/wp-json\/wp\/v2\/posts\/223978","targetHints":{"allow":["GET"]}}],"collection":[{"href":"https:\/\/www.europesays.com\/pt\/wp-json\/wp\/v2\/posts"}],"about":[{"href":"https:\/\/www.europesays.com\/pt\/wp-json\/wp\/v2\/types\/post"}],"author":[{"embeddable":true,"href":"https:\/\/www.europesays.com\/pt\/wp-json\/wp\/v2\/users\/2"}],"replies":[{"embeddable":true,"href":"https:\/\/www.europesays.com\/pt\/wp-json\/wp\/v2\/comments?post=223978"}],"version-history":[{"count":0,"href":"https:\/\/www.europesays.com\/pt\/wp-json\/wp\/v2\/posts\/223978\/revisions"}],"wp:featuredmedia":[{"embeddable":true,"href":"https:\/\/www.europesays.com\/pt\/wp-json\/wp\/v2\/media\/223979"}],"wp:attachment":[{"href":"https:\/\/www.europesays.com\/pt\/wp-json\/wp\/v2\/media?parent=223978"}],"wp:term":[{"taxonomy":"category","embeddable":true,"href":"https:\/\/www.europesays.com\/pt\/wp-json\/wp\/v2\/categories?post=223978"},{"taxonomy":"post_tag","embeddable":true,"href":"https:\/\/www.europesays.com\/pt\/wp-json\/wp\/v2\/tags?post=223978"}],"curies":[{"name":"wp","href":"https:\/\/api.w.org\/{rel}","templated":true}]}}