{"id":223982,"date":"2026-01-10T20:47:13","date_gmt":"2026-01-10T20:47:13","guid":{"rendered":"https:\/\/www.europesays.com\/pt\/223982\/"},"modified":"2026-01-10T20:47:13","modified_gmt":"2026-01-10T20:47:13","slug":"imortal-benfica-meia-final-taca-federacao","status":"publish","type":"post","link":"https:\/\/www.europesays.com\/pt\/223982\/","title":{"rendered":"Imortal Benfica Meia-final Ta\u00e7a Federa\u00e7\u00e3o"},"content":{"rendered":"<p>                            RESUMO BTV<\/p>\n<tr style=\"background-color: white; border-bottom: 1px solid white;\">\n<td style=\"font-weight: bold; font-size: 30px;\" colspan=\"4\">Ta\u00e7a Federa\u00e7\u00e3o<\/td>\n<\/tr>\n<tr>\n<td colspan=\"4\">Final four<br \/>Meia-final<\/td>\n<\/tr>\n<tr>\n<td style=\"padding: 10px 0; background-color: #f2f2f2!important;\" colspan=\"4\"><strong>RESULTADO FINAL<br \/><\/strong><\/td>\n<\/tr>\n<tr>\n<td style=\"font-size: 20px;\" colspan=\"4\">\n<\/td>\n<\/tr>\n<tr>\n<td style=\"border-right: 1px solid #f4f4f4; background-color: #f2f2f2!important;\">1.\u00ba Q<\/td>\n<td style=\"border-right: 1px solid #f4f4f4; background-color: #f2f2f2!important;\">2.\u00ba Q<\/td>\n<td style=\"border-right: 1px solid #f4f4f4; background-color: #f2f2f2!important;\">3.\u00ba Q<\/td>\n<td style=\"border-right: 1px solid #f4f4f4; background-color: #f2f2f2!important;\">4.\u00ba Q<\/td>\n<\/tr>\n<tr>\n<td style=\"border-right: 1px solid #f4f4f4;\">18-18<\/td>\n<td>37-41<\/td>\n<td>51-55<\/td>\n<td>57-74<\/td>\n<\/tr>\n<p>Ultrapassado o Imortal neste s\u00e1bado, 10 de janeiro, na meia-final da final four da Ta\u00e7a Federa\u00e7\u00e3o, com uma vit\u00f3ria por 57-74, o <a href=\"https:\/\/www.slbenfica.pt\/pt-pt\/modalidades\/basquetebol\/feminino\/plantel\" rel=\"nofollow noopener\" target=\"_blank\"><strong>Benfica<\/strong><\/a> enfrenta o Quinta dos Lombos na final, com in\u00edcio aprazado para as 11h30 de domingo, dia 11, no Pavilh\u00e3o Desportivo de Albufeira. As \u00e1guias v\u00e3o em busca do seu 3.\u00ba trof\u00e9u da prova!<\/p>\n<p>Jogo de elevada exig\u00eancia, tal como antecipara Eug\u00e9nio Rodrigues, a colocar frente a frente Benfica e Imortal na meia-final da Ta\u00e7a Federa\u00e7\u00e3o. No outro duelo do dia, o <strong>Quinta dos Lombos superou o Sporting por 89-66<\/strong>, garantindo presen\u00e7a na final.<\/p>\n<p>Para esta partida, o treinador das \u00e1guias apresentou de in\u00edcio <strong>In\u00eas Faustino, Emanuely Oliveira, Maria Jo\u00e3o Bettencourt, Zuzanna Puc e Let\u00edcia Soares<\/strong>.<\/p>\n<p><img decoding=\"async\" src=\"https:\/\/www.europesays.com\/pt\/wp-content\/uploads\/2026\/01\/leticia-soares-1-thumbnail.jpg\" alt=\"Basquetebol Benfica\" width=\"926px\" height=\"522px\"\/><\/p>\n<p>Em Albufeira, o Imortal entrou melhor e inaugurou o marcador com um triplo de Micaela Kelly, mas a <strong>resposta do Benfica foi imediata<\/strong>, com <strong>Let\u00edcia Soares a reduzir para 3-2<\/strong>. As encarnadas passaram para a frente com um cesto de <strong>Maria Jo\u00e3o Bettencourt<\/strong> (3-4) e ganharam embalo, somando <strong>5 pontos consecutivos<\/strong> para o 3-9 que se registava aos 3 minutos. Com<strong> boa press\u00e3o defensiva e fluidez ofensiva<\/strong>, as \u00e1guias ampliaram para 5-13, for\u00e7ando o desconto de tempo do treinador advers\u00e1rio.<\/p>\n<p>Ap\u00f3s a paragem, o Imortal voltou a aproximar-se com novo triplo da norte-americana Micaela Kelly, reduzindo para 8-13. Aos 5 minutos, todos os pontos da forma\u00e7\u00e3o algarvia tinham a assinatura da mesma jogadora, com o marcador a assinalar 10-14. Do lado do Benfica, <strong>Maria Jo\u00e3o Bettencourt destacava-se, com 7 pontos convertidos<\/strong>.<\/p>\n<p>Perante a defesa agressiva das encarnadas, o <strong>Imortal insistiu no lan\u00e7amento exterior<\/strong> e voltou a encostar no minuto 8, com Catarina Neves a converter um triplo para 15-16. Da linha de lance livre, <strong>Joana Soeiro fez o 15-18<\/strong> e, j\u00e1 no \u00faltimo minuto do per\u00edodo, Marta Vargas restabeleceu a<strong> igualdade a 18 pontos<\/strong>, <strong>resultado com que terminou o 1.\u00ba quarto<\/strong>.<\/p>\n<p>O 2.\u00ba per\u00edodo come\u00e7ou equilibrado e, depois de o Imortal voltar a empatar (21-21), o <strong>Benfica conseguiu criar uma vantagem de 5 pontos<\/strong> (21-26). A jogar com intensidade e rapidez na circula\u00e7\u00e3o de bola, as<strong> \u00e1guias aumentaram para 22-30<\/strong>. Com o <strong>ataque encarnado a funcionar e a defesa a condicionar as aproxima\u00e7\u00f5es algarvias ao cesto<\/strong>, a equipa de Adriano Cerdeira viu-se obrigada a recorrer quase exclusivamente ao tiro exterior. Aos 4 minutos, com o marcador em 25-30, o Imortal somava 6 triplos convertidos em 17 tentativas.<\/p>\n<p>O Benfica chegou aos 32-41, mas o Imortal reagiu nos minutos finais da 1.\u00aa parte e reduziu a diferen\u00e7a. O <strong>2.\u00ba quarto fechou com o score em 37-41<\/strong>, <strong>deixando tudo em aberto para a 2.\u00aa metade da partida e para a decis\u00e3o do acesso \u00e0<\/strong> <strong>final<\/strong>.<\/p>\n<p><img decoding=\"async\" src=\"https:\/\/www.europesays.com\/pt\/wp-content\/uploads\/2026\/01\/marta-martins-1-thumbnail.jpg\" alt=\"Basquetebol Benfica\" width=\"926px\" height=\"522px\"\/><\/p>\n<p>No reatamento, o jogo <strong>tornou-se mais f\u00edsico e marcado por sucessivas interrup\u00e7\u00f5es<\/strong>. Volvidos <strong>4 minutos<\/strong> do in\u00edcio do 3.\u00ba quarto, o marcador assinalava<strong> 39-43<\/strong>, com <strong>apenas 2 pontos convertidos por cada uma das equipas<\/strong> nesse per\u00edodo. Da linha de lance livre, Micaela Kelly reduziu para 41-43. O Benfica voltou a ganhar alguma margem <strong>(45-50)<\/strong>, mas, novamente atrav\u00e9s dos lances livres, a base norte-americana do Imortal aproximou para 45-46.<\/p>\n<p>A<strong> luta pela posse de bola intensificou-se<\/strong> e o encontro ganhou <strong>maior ritmo e agressividade<\/strong>. O Benfica conseguiu ainda cavar uma <strong>diferen\u00e7a de 5 pontos<\/strong> (45-50), mas o<strong> equil\u00edbrio manteve-se at\u00e9 ao final do per\u00edodo<\/strong>. \u00c0 entrada para os \u00faltimos 10 minutos, o marcador registava <strong>51-55<\/strong>.<\/p>\n<p>As \u00e1guias entraram no derradeiro quarto com um parcial de 0-4, fixando o resultado em 51-59. O ascendente encarnado foi travado momentaneamente com um lance livre convertido por Marta Vargas. Apesar de se apresentar mais consistente no plano defensivo, o <strong>Imortal n\u00e3o conseguiu conter a efic\u00e1cia ofensiva do Benfica<\/strong>, que foi <strong>alargando a vantagem de forma sustentada<\/strong> <strong>(52-61 aos 6&#8242;)<\/strong>.<\/p>\n<p>O <strong>triplo de Marta Martins<\/strong>, que colocou o <strong>Benfica a vencer por 10 pontos<\/strong> (54-64), deu confian\u00e7a \u00e0 equipa. Ainda longe de estar resolvido, o encontro exigiu m\u00e1xima concentra\u00e7\u00e3o das encarnadas, que responderam coletivamente. Aos 8 minutos, Marta Martins voltou a converter da linha de 3 pontos, ampliando para 54-69, um resultado que acabou por encaminhar a decis\u00e3o. <strong>O<\/strong> <strong>Imortal manteve-se competitivo at\u00e9 final, mas o controlo do jogo pertenceu ao Benfica<\/strong>. Com uma margem de 20 pontos aos 9&#8242; (54-74), as <strong>bicampe\u00e3s nacionais confirmaram o triunfo, por 57-74, e garantiram a presen\u00e7a na final<\/strong>.<\/p>\n<p><img decoding=\"async\" src=\"https:\/\/www.europesays.com\/pt\/wp-content\/uploads\/2026\/01\/eugenio-rodrigues-1-thumbnail.jpg\" alt=\"Basquetebol Benfica\" width=\"926px\" height=\"522px\"\/><\/p>\n<p><strong>DECLARA\u00c7\u00d5ES<\/strong><\/p>\n<p><strong>Eug\u00e9nio Rodrigues (treinador do Benfica):<\/strong> &#8220;Foi o final que pretend\u00edamos, sim. Mais do que o final, sempre muito focados na maneira como cheg\u00e1vamos a este final. Ter a no\u00e7\u00e3o clara de que esta equipa do Imortal era fort\u00edssima no tiro exterior e na transi\u00e7\u00e3o ofensiva. \u00c9 uma equipa que joga de facto em tempos muito curtos. Na 1.\u00aa parte conseguimos controlar a componente transi\u00e7\u00e3o defensiva, n\u00e3o control\u00e1mos t\u00e3o bem o tiro exterior. Na 2.\u00aa parte conseguimos fazer as duas coisas e acab\u00e1mos por abrir ali um espa\u00e7o, sobretudo na parte final. E depois, pronto, nem sempre jog\u00e1mos bem, nem sempre estivemos bem, mas nos momentos em que era preciso faturar, fatur\u00e1mos. E isso \u00e9 o mais importante. N\u00f3s j\u00e1 conquist\u00e1mos alguns trof\u00e9us da Ta\u00e7a Federa\u00e7\u00e3o, este n\u00e3o ser\u00e1 o primeiro, mas tratemo-lo como se fosse o primeiro, como se fosse a primeira vez que c\u00e1 estiv\u00e9ssemos na final. Muito importante para este programa, para o programa do Benfica, perceberem que n\u00f3s ainda n\u00e3o falh\u00e1mos nenhuma final. E isso \u00e9 muito importante, estar nos momentos altos, porque s\u00f3 estando na final \u00e9 que podemos lutar por t\u00edtulos. Fizemos a primeira parte, e agora \u00e9 descansar, amanh\u00e3 [domingo] o jogo \u00e9 de manh\u00e3, temos pouco tempo de recupera\u00e7\u00e3o, mas pronto, \u00e9 aplicar o plano para levar de vencida o Quinta dos Lombos.&#8221;<\/p>\n<p><strong>Marta Martins (base do Benfica):<\/strong> &#8220;Sab\u00edamos que estes jogos s\u00e3o sempre muito particulares, porque ou ganhamos, ou voltamos para casa. Sab\u00edamos tamb\u00e9m aquilo que t\u00ednhamos feito aqui na \u00faltima vez contra o Imortal. V\u00ednhamos preparadas para isso, prepar\u00e1mos o jogo dessa forma. Muito felizes por ganhar, porque no fim das contas \u00e9 isso que importa. N\u00f3s somos o Benfica, entramos em todos os jogos da mesma forma, para ganhar. Nem sempre corre como n\u00f3s queremos, mas tentamos sempre e queremos sempre procurar a vit\u00f3ria. Apelo aos adeptos que venham ver a final, para elevarmos o jogo. Faremos a nossa parte dentro de campo.&#8221;<\/p>\n<p><img decoding=\"async\" src=\"https:\/\/www.europesays.com\/pt\/wp-content\/uploads\/2026\/01\/grupo-1-thumbnail.jpg\" alt=\"Basquetebol Benfica\" width=\"926px\" height=\"522px\"\/><\/p>\n<tr>\n<td style=\"background-color: #f2f2f2!important;\" colspan=\"4\"><strong>Ta\u00e7a Federa\u00e7\u00e3o | meia-final | 10\/01\/2026<\/strong><\/td>\n<\/tr>\n<tr style=\"background-color: #ffffff;\">\n<td style=\"font-size: 25px !important; font-weight: 500; padding: 0 0 20px;\" colspan=\"4\">Imortal-Benfica<br \/>57-74<br \/>Pavilh\u00e3o Desportivo de Albufeira<\/td>\n<\/tr>\n<tr>\n<td style=\"background-color: #f2f2f2!important;\" colspan=\"4\"><strong>Cinco inicial do Benfica<\/strong><\/td>\n<\/tr>\n<tr>\n<td style=\"padding: 15px 20px;\" colspan=\"4\">In\u00eas Faustino, Emanuely Oliveira, Maria Jo\u00e3o Bettencourt, Zuzanna Puc e Let\u00edcia Soares<\/td>\n<\/tr>\n<tr>\n<td style=\"background-color: #f2f2f2!important;\" colspan=\"4\"><strong>Suplentes<\/strong><\/td>\n<\/tr>\n<tr>\n<td style=\"padding: 15px 20px;\" colspan=\"4\">Art\u00e9mis Afonso, Marcy Gon\u00e7alves, Marta Martins, Joana Soeiro, Schaquilla Nunn, Fatumata Bald\u00e9 e Gabriela Fernandes<\/td>\n<\/tr>\n<tr>\n<td style=\"background-color: #f2f2f2!important;\" colspan=\"4\"><strong>Treinador do Benfica<\/strong><\/td>\n<\/tr>\n<tr>\n<td style=\"padding: 15px 20px;\" colspan=\"4\">Eug\u00e9nio Rodrigues<\/td>\n<\/tr>\n<tr>\n<td style=\"background-color: #f2f2f2!important;\" colspan=\"4\"><strong>Cinco inicial do Imortal<\/strong><\/td>\n<\/tr>\n<tr>\n<td style=\"padding: 15px 20px;\" colspan=\"4\">Micaela Kelly, Ajulu Thatha, Natalia Lalic, Marta Vargas e Melissa Akullu<\/td>\n<\/tr>\n<tr>\n<td style=\"background-color: #f2f2f2!important;\" colspan=\"4\"><strong>Suplentes<\/strong><\/td>\n<\/tr>\n<tr>\n<td style=\"padding: 15px 20px;\" colspan=\"4\">Catarina Freitas, Catarina Neves, Mariana Silva, Liliane Semedo, Bianca Oliveira e Suraya Rijal<\/td>\n<\/tr>\n<tr style=\"border-bottom: 1px solid white; background-color: #f2f2f2!important;\">\n<td style=\"border-right: 1px solid #f4f4f4;\"><strong>1.\u00ba quarto<\/strong><\/td>\n<td style=\"border-right: 1px solid #f4f4f4;\"><strong>2.\u00ba quarto<\/strong><\/td>\n<td><strong>3.\u00ba quarto<\/strong><\/td>\n<td><strong>4.\u00ba quarto<\/strong><\/td>\n<\/tr>\n<tr>\n<td style=\"border-right: 1px solid #f4f4f4;\">18-18<\/td>\n<td style=\"border-right: 1px solid #f4f4f4;\">37-41<\/td>\n<td style=\"border-right: 1px solid #f4f4f4;\">51-55<\/td>\n<td>57-74<\/td>\n<\/tr>\n<tr>\n<td style=\"background-color: #f2f2f2!important;\" colspan=\"4\"><strong>Pontuadoras do Benfica<\/strong><\/td>\n<\/tr>\n<tr>\n<td style=\"padding: 15px 20px;\" colspan=\"4\">Maria Bettencourt (17), Let\u00edcia Soares (16), Marta Martins (11), Schaquilla Nunn (10), Zuzanna Puc (7), Emanuely Oliveira (5), Art\u00e9mis Afonso (4), In\u00eas Faustino (2) e Joana Soeiro (2)<\/td>\n<\/tr>\n","protected":false},"excerpt":{"rendered":"RESUMO BTV Ta\u00e7a Federa\u00e7\u00e3o Final fourMeia-final RESULTADO FINAL 1.\u00ba Q 2.\u00ba Q 3.\u00ba Q 4.\u00ba Q 18-18 37-41&hellip;\n","protected":false},"author":2,"featured_media":223983,"comment_status":"","ping_status":"","sticky":false,"template":"","format":"standard","meta":{"footnotes":""},"categories":[8],"tags":[27,28,15,16,14,25,26,21,22,12,13,19,20,32,23,24,33,17,18,29,30,31],"class_list":{"0":"post-223982","1":"post","2":"type-post","3":"status-publish","4":"format-standard","5":"has-post-thumbnail","7":"category-principais-noticias","8":"tag-breaking-news","9":"tag-breakingnews","10":"tag-featured-news","11":"tag-featurednews","12":"tag-headlines","13":"tag-latest-news","14":"tag-latestnews","15":"tag-main-news","16":"tag-mainnews","17":"tag-news","18":"tag-noticias","19":"tag-noticias-principais","20":"tag-noticiasprincipais","21":"tag-portugal","22":"tag-principais-noticias","23":"tag-principaisnoticias","24":"tag-pt","25":"tag-top-stories","26":"tag-topstories","27":"tag-ultimas","28":"tag-ultimas-noticias","29":"tag-ultimasnoticias"},"share_on_mastodon":{"url":"https:\/\/pubeurope.com\/@pt\/115872769574925079","error":""},"_links":{"self":[{"href":"https:\/\/www.europesays.com\/pt\/wp-json\/wp\/v2\/posts\/223982","targetHints":{"allow":["GET"]}}],"collection":[{"href":"https:\/\/www.europesays.com\/pt\/wp-json\/wp\/v2\/posts"}],"about":[{"href":"https:\/\/www.europesays.com\/pt\/wp-json\/wp\/v2\/types\/post"}],"author":[{"embeddable":true,"href":"https:\/\/www.europesays.com\/pt\/wp-json\/wp\/v2\/users\/2"}],"replies":[{"embeddable":true,"href":"https:\/\/www.europesays.com\/pt\/wp-json\/wp\/v2\/comments?post=223982"}],"version-history":[{"count":0,"href":"https:\/\/www.europesays.com\/pt\/wp-json\/wp\/v2\/posts\/223982\/revisions"}],"wp:featuredmedia":[{"embeddable":true,"href":"https:\/\/www.europesays.com\/pt\/wp-json\/wp\/v2\/media\/223983"}],"wp:attachment":[{"href":"https:\/\/www.europesays.com\/pt\/wp-json\/wp\/v2\/media?parent=223982"}],"wp:term":[{"taxonomy":"category","embeddable":true,"href":"https:\/\/www.europesays.com\/pt\/wp-json\/wp\/v2\/categories?post=223982"},{"taxonomy":"post_tag","embeddable":true,"href":"https:\/\/www.europesays.com\/pt\/wp-json\/wp\/v2\/tags?post=223982"}],"curies":[{"name":"wp","href":"https:\/\/api.w.org\/{rel}","templated":true}]}}