{"id":223990,"date":"2026-01-10T20:54:10","date_gmt":"2026-01-10T20:54:10","guid":{"rendered":"https:\/\/www.europesays.com\/pt\/223990\/"},"modified":"2026-01-10T20:54:10","modified_gmt":"2026-01-10T20:54:10","slug":"estrela-da-amadora-perto-de-vender-ngom-ao-lecce","status":"publish","type":"post","link":"https:\/\/www.europesays.com\/pt\/223990\/","title":{"rendered":"Estrela da Amadora perto de vender Ngom ao Lecce"},"content":{"rendered":"<p>O Estrela da Amadora est\u00e1 perto de confirmar mais um encaixe financeiro nesta janela de transfer\u00eancias. Oumar Ngom, m\u00e9dio de 21 anos, dever\u00e1 refor\u00e7ar o Lecce, de It\u00e1lia, segundo avan\u00e7ou o jornalista Gianluca Di Marzio e confirmou o <strong>Maisfutebol<\/strong>.\u00a0<\/p>\n<p>De acordo com o jornalista italiano, o Estrela iria garantir um encaixe de cerca de dois milh\u00f5es de euros. Por\u00e9m, segundo o <strong>Maisfutebol<\/strong> apurou, o neg\u00f3cio dever\u00e1 concretizar-se por valores superiores.\u00a0<\/p>\n<p>Importa relembrar que, j\u00e1 nesta janela de transfer\u00eancias, <a href=\"https:\/\/maisfutebol.iol.pt\/benfica\/lopes-cabral\/oficial-sidny-lopes-cabral-no-benfica\" rel=\"nofollow noopener\" target=\"_blank\">o Estrela vendeu Sindy ao Benfica por seis milh\u00f5es<\/a>. O nosso jornal sabe que o neg\u00f3cio est\u00e1 muito pr\u00f3ximo de se confirmar, faltando apenas ultimar os detalhes.\u00a0<\/p>\n<p>Ngom chegou \u00e0 Reboleira a custo zero no ver\u00e3o de 2025, proveniente do Pau FC, da II Liga francesa. No arranque de \u00e9poca, o internacional pela Maurit\u00e2nia n\u00e3o teve muita utiliza\u00e7\u00e3o, mas come\u00e7ou a ganhar destaque nas m\u00e3os do novo t\u00e9cnico estrelista, Jo\u00e3o Nuno.<\/p>\n<p>O m\u00e9dio defensivo conta, at\u00e9 ent\u00e3o, com 12 jogos pelo Estrela da Amadora, somando uma assist\u00eancia. Ngom poder\u00e1 ser o quarto jogador a rumar da Amadora ao Lecce, j\u00e1 depois das transfer\u00eancias de Kialonda Gaspar, Tiago Gabriel e Danilo Veiga.<\/p>\n","protected":false},"excerpt":{"rendered":"O Estrela da Amadora est\u00e1 perto de confirmar mais um encaixe financeiro nesta janela de transfer\u00eancias. Oumar Ngom,&hellip;\n","protected":false},"author":2,"featured_media":223991,"comment_status":"","ping_status":"","sticky":false,"template":"","format":"standard","meta":{"footnotes":""},"categories":[87],"tags":[135,5742,82,233,13056,36,46,40,42,41,43207,32,33,47,134,35],"class_list":{"0":"post-223990","1":"post","2":"type-post","3":"status-publish","4":"format-standard","5":"has-post-thumbnail","7":"category-desporto","8":"tag-desporto","9":"tag-estrela-amadora","10":"tag-internacional","11":"tag-italia","12":"tag-lecce","13":"tag-liga","14":"tag-maisfutebol","15":"tag-maistransferencias","16":"tag-mercado","17":"tag-mercado-de-transferencias","18":"tag-oumar-ngom","19":"tag-portugal","20":"tag-pt","21":"tag-pura-paixao","22":"tag-sports","23":"tag-transferencias"},"share_on_mastodon":{"url":"https:\/\/pubeurope.com\/@pt\/115872796660491531","error":""},"_links":{"self":[{"href":"https:\/\/www.europesays.com\/pt\/wp-json\/wp\/v2\/posts\/223990","targetHints":{"allow":["GET"]}}],"collection":[{"href":"https:\/\/www.europesays.com\/pt\/wp-json\/wp\/v2\/posts"}],"about":[{"href":"https:\/\/www.europesays.com\/pt\/wp-json\/wp\/v2\/types\/post"}],"author":[{"embeddable":true,"href":"https:\/\/www.europesays.com\/pt\/wp-json\/wp\/v2\/users\/2"}],"replies":[{"embeddable":true,"href":"https:\/\/www.europesays.com\/pt\/wp-json\/wp\/v2\/comments?post=223990"}],"version-history":[{"count":0,"href":"https:\/\/www.europesays.com\/pt\/wp-json\/wp\/v2\/posts\/223990\/revisions"}],"wp:featuredmedia":[{"embeddable":true,"href":"https:\/\/www.europesays.com\/pt\/wp-json\/wp\/v2\/media\/223991"}],"wp:attachment":[{"href":"https:\/\/www.europesays.com\/pt\/wp-json\/wp\/v2\/media?parent=223990"}],"wp:term":[{"taxonomy":"category","embeddable":true,"href":"https:\/\/www.europesays.com\/pt\/wp-json\/wp\/v2\/categories?post=223990"},{"taxonomy":"post_tag","embeddable":true,"href":"https:\/\/www.europesays.com\/pt\/wp-json\/wp\/v2\/tags?post=223990"}],"curies":[{"name":"wp","href":"https:\/\/api.w.org\/{rel}","templated":true}]}}