{"id":223999,"date":"2026-01-10T21:01:11","date_gmt":"2026-01-10T21:01:11","guid":{"rendered":"https:\/\/www.europesays.com\/pt\/223999\/"},"modified":"2026-01-10T21:01:11","modified_gmt":"2026-01-10T21:01:11","slug":"vais-ate-ao-fim-cotrim-e-jorge-pinto-cruzam-se-no-oeste-com-simpatia-trocas-de-ideias-e-apelos-ao-voto","status":"publish","type":"post","link":"https:\/\/www.europesays.com\/pt\/223999\/","title":{"rendered":"\u201cVais at\u00e9 ao fim?\u201d: Cotrim e Jorge Pinto cruzam-se no Oeste com \u201csimpatia\u201d, trocas de \u201cideias\u201d e apelos ao voto"},"content":{"rendered":"<p>Foi hora de ponta no Oeste. Ao s\u00e9timo dia, o cruzamento da campanha acontece na Pra\u00e7a da Fruta, nas Caldas da Ra\u00ednha. Por entre as bancas de frutas, legumes, queijos e flores, os dois candidatos cumprimentam-se com \u201csimpatia\u201d. <strong>\u201cVais at\u00e9 ao fim?\u201d<\/strong>, pergunta o liberal. <strong>\u201cVou. E n\u00e3o confundo elei\u00e7\u00f5es<\/strong>, que isto \u00e9 para a Presid\u00eancia,<strong> n\u00e3o \u00e9 para a presid\u00eancia da IL<\/strong>\u201d, responde o candidato apoiado pelo Livre. <\/p>\n<p><a href=\"https:\/\/expresso.pt\/subscrever?action=GEN&amp;channel=BAF&amp;type=CAP&amp;source=WEB&amp;returnUrl=https:\/\/expresso.pt\/politica\/eleicoes\/presidenciais-2026\/2026-01-10-vais-ate-ao-fim--cotrim-e-jorge-pinto-cruzam-se-no-oeste-com-simpatia-trocas-de-ideias-e-apelos-ao-voto--4dce5826?utm_term=Autofeed&amp;utm_medium=Social&amp;utm_source=Facebook&amp;brid=JTzkFESLKFF9nJI5XhIq0A&amp;utm_source=expresso&amp;utm_medium=locked_article&amp;locked=true&amp;article_id=5763fd68-59bc-41e2-9436-b2cc920478b6&amp;author_id=Cl\u00e1udia+Monarca+Almeida&amp;category=Presidenciais+2026\" target=\"_self\" class=\"\" rel=\"nofollow noopener\">Subscrever<\/a>J\u00e1 \u00e9 Subscritor?Fa\u00e7a login e continue a ler<a href=\"http:\/\/expresso.pt\/codigo?redirectUrl=https:\/\/expresso.pt\/politica\/eleicoes\/presidenciais-2026\/2026-01-10-vais-ate-ao-fim--cotrim-e-jorge-pinto-cruzam-se-no-oeste-com-simpatia-trocas-de-ideias-e-apelos-ao-voto--4dce5826?utm_term=Autofeed&amp;utm_medium=Social&amp;utm_source=Facebook&amp;brid=JTzkFESLKFF9nJI5XhIq0A\" target=\"_self\" class=\"\" rel=\"nofollow noopener\">Inserir C\u00f3digo<\/a>Comprou o Expresso?Insira o c\u00f3digo presente na Revista E para continuar a ler<\/p>\n","protected":false},"excerpt":{"rendered":"Foi hora de ponta no Oeste. Ao s\u00e9timo dia, o cruzamento da campanha acontece na Pra\u00e7a da Fruta,&hellip;\n","protected":false},"author":2,"featured_media":224000,"comment_status":"","ping_status":"","sticky":false,"template":"","format":"standard","meta":{"footnotes":""},"categories":[10],"tags":[27,28,15,16,14,25,26,21,22,12,13,19,20,32,23,24,33,17,18,29,30,31],"class_list":{"0":"post-223999","1":"post","2":"type-post","3":"status-publish","4":"format-standard","5":"has-post-thumbnail","7":"category-portugal","8":"tag-breaking-news","9":"tag-breakingnews","10":"tag-featured-news","11":"tag-featurednews","12":"tag-headlines","13":"tag-latest-news","14":"tag-latestnews","15":"tag-main-news","16":"tag-mainnews","17":"tag-news","18":"tag-noticias","19":"tag-noticias-principais","20":"tag-noticiasprincipais","21":"tag-portugal","22":"tag-principais-noticias","23":"tag-principaisnoticias","24":"tag-pt","25":"tag-top-stories","26":"tag-topstories","27":"tag-ultimas","28":"tag-ultimas-noticias","29":"tag-ultimasnoticias"},"share_on_mastodon":{"url":"https:\/\/pubeurope.com\/@pt\/115872824236799352","error":""},"_links":{"self":[{"href":"https:\/\/www.europesays.com\/pt\/wp-json\/wp\/v2\/posts\/223999","targetHints":{"allow":["GET"]}}],"collection":[{"href":"https:\/\/www.europesays.com\/pt\/wp-json\/wp\/v2\/posts"}],"about":[{"href":"https:\/\/www.europesays.com\/pt\/wp-json\/wp\/v2\/types\/post"}],"author":[{"embeddable":true,"href":"https:\/\/www.europesays.com\/pt\/wp-json\/wp\/v2\/users\/2"}],"replies":[{"embeddable":true,"href":"https:\/\/www.europesays.com\/pt\/wp-json\/wp\/v2\/comments?post=223999"}],"version-history":[{"count":0,"href":"https:\/\/www.europesays.com\/pt\/wp-json\/wp\/v2\/posts\/223999\/revisions"}],"wp:featuredmedia":[{"embeddable":true,"href":"https:\/\/www.europesays.com\/pt\/wp-json\/wp\/v2\/media\/224000"}],"wp:attachment":[{"href":"https:\/\/www.europesays.com\/pt\/wp-json\/wp\/v2\/media?parent=223999"}],"wp:term":[{"taxonomy":"category","embeddable":true,"href":"https:\/\/www.europesays.com\/pt\/wp-json\/wp\/v2\/categories?post=223999"},{"taxonomy":"post_tag","embeddable":true,"href":"https:\/\/www.europesays.com\/pt\/wp-json\/wp\/v2\/tags?post=223999"}],"curies":[{"name":"wp","href":"https:\/\/api.w.org\/{rel}","templated":true}]}}