{"id":224001,"date":"2026-01-10T21:02:09","date_gmt":"2026-01-10T21:02:09","guid":{"rendered":"https:\/\/www.europesays.com\/pt\/224001\/"},"modified":"2026-01-10T21:02:09","modified_gmt":"2026-01-10T21:02:09","slug":"sc-vasco-da-gama-benfica-1-fase-liga-betclic","status":"publish","type":"post","link":"https:\/\/www.europesays.com\/pt\/224001\/","title":{"rendered":"SC Vasco da Gama Benfica 1 Fase Liga Betclic"},"content":{"rendered":"<p>&#13;<br \/>\n&#13;<br \/>\n                        Basquetebol&#13;\n                    <\/p>\n<p class=\"news-title\">SC Vasco da Gama-Benfica: antevis\u00e3o de Eduardo Francisco<\/p>\n<p>&#13;<br \/>\n                        Benfica e SC Vasco da Gama defrontam-se no s\u00e1bado, 10 de janeiro, \u00e0s 18h15, no Centro de Desportos e Congressos de Matosinhos, em jogo da 11.\u00aa jornada da 1.\u00aa fase da Liga Betclic. A desloca\u00e7\u00e3o ao Norte coloca as \u00e1guias perante um advers\u00e1rio rec\u00e9m-promovido, mas motivado, num contexto que exige m\u00e1xima seriedade e intensidade competitiva. &#8220;Precisamos estar muito concentrados. J\u00e1 tivemos aqui uma surpresa contra o Braga e esperamos n\u00e3o voltar a ter uma contra o Vasco da Gama, uma equipa que vem de uma grande vit\u00f3ria contra o Vit\u00f3ria, fora de casa. Portanto, temos de estar muito concentrados para dar a volta por cima&#8221;, alertou o extremo do Benfica, \u00e0 BTV.&#13;\n                    <\/p>\n","protected":false},"excerpt":{"rendered":"&#13; &#13; Basquetebol&#13; SC Vasco da Gama-Benfica: antevis\u00e3o de Eduardo Francisco &#13; Benfica e SC Vasco da Gama&hellip;\n","protected":false},"author":2,"featured_media":224002,"comment_status":"","ping_status":"","sticky":false,"template":"","format":"standard","meta":{"footnotes":""},"categories":[8],"tags":[27,28,15,16,14,25,26,21,22,12,13,19,20,32,23,24,33,17,18,29,30,31],"class_list":{"0":"post-224001","1":"post","2":"type-post","3":"status-publish","4":"format-standard","5":"has-post-thumbnail","7":"category-principais-noticias","8":"tag-breaking-news","9":"tag-breakingnews","10":"tag-featured-news","11":"tag-featurednews","12":"tag-headlines","13":"tag-latest-news","14":"tag-latestnews","15":"tag-main-news","16":"tag-mainnews","17":"tag-news","18":"tag-noticias","19":"tag-noticias-principais","20":"tag-noticiasprincipais","21":"tag-portugal","22":"tag-principais-noticias","23":"tag-principaisnoticias","24":"tag-pt","25":"tag-top-stories","26":"tag-topstories","27":"tag-ultimas","28":"tag-ultimas-noticias","29":"tag-ultimasnoticias"},"share_on_mastodon":{"url":"https:\/\/pubeurope.com\/@pt\/115872828285639327","error":""},"_links":{"self":[{"href":"https:\/\/www.europesays.com\/pt\/wp-json\/wp\/v2\/posts\/224001","targetHints":{"allow":["GET"]}}],"collection":[{"href":"https:\/\/www.europesays.com\/pt\/wp-json\/wp\/v2\/posts"}],"about":[{"href":"https:\/\/www.europesays.com\/pt\/wp-json\/wp\/v2\/types\/post"}],"author":[{"embeddable":true,"href":"https:\/\/www.europesays.com\/pt\/wp-json\/wp\/v2\/users\/2"}],"replies":[{"embeddable":true,"href":"https:\/\/www.europesays.com\/pt\/wp-json\/wp\/v2\/comments?post=224001"}],"version-history":[{"count":0,"href":"https:\/\/www.europesays.com\/pt\/wp-json\/wp\/v2\/posts\/224001\/revisions"}],"wp:featuredmedia":[{"embeddable":true,"href":"https:\/\/www.europesays.com\/pt\/wp-json\/wp\/v2\/media\/224002"}],"wp:attachment":[{"href":"https:\/\/www.europesays.com\/pt\/wp-json\/wp\/v2\/media?parent=224001"}],"wp:term":[{"taxonomy":"category","embeddable":true,"href":"https:\/\/www.europesays.com\/pt\/wp-json\/wp\/v2\/categories?post=224001"},{"taxonomy":"post_tag","embeddable":true,"href":"https:\/\/www.europesays.com\/pt\/wp-json\/wp\/v2\/tags?post=224001"}],"curies":[{"name":"wp","href":"https:\/\/api.w.org\/{rel}","templated":true}]}}