{"id":224046,"date":"2026-01-10T21:52:19","date_gmt":"2026-01-10T21:52:19","guid":{"rendered":"https:\/\/www.europesays.com\/pt\/224046\/"},"modified":"2026-01-10T21:52:19","modified_gmt":"2026-01-10T21:52:19","slug":"a-redacao-goias-acompanha-tendencia-nacional-de-recuperacao-da-vacinacao-infantil","status":"publish","type":"post","link":"https:\/\/www.europesays.com\/pt\/224046\/","title":{"rendered":"A Reda\u00e7\u00e3o | Goi\u00e1s acompanha tend\u00eancia nacional de recupera\u00e7\u00e3o da vacina\u00e7\u00e3o infantil"},"content":{"rendered":"<p><strong>Samuel Straioto<\/strong><\/p>\n<p><strong> Goi\u00e2nia \u2013\u00a0<\/strong>Goi\u00e1s acompanha o movimento nacional de recupera\u00e7\u00e3o da cobertura vacinal infantil iniciado em 2022, ap\u00f3s o impacto da pandemia de covid-19. Apesar da recupera\u00e7\u00e3o, das 13 vacinas de rotina destinadas a crian\u00e7as menores de 5 anos, apenas duas atingiram as metas no pa\u00eds em 2024: a BCG (96,2%) e a primeira dose da Tr\u00edplice Viral (95,6%). As outras 11 permanecem abaixo do esperado, com m\u00e9dia nacional de 87,6%.<\/p>\n<p>No Estado, a realidade se repete, com unidades b\u00e1sicas de sa\u00fade de Goi\u00e2nia e do interior trabalhando estrat\u00e9gias de busca ativa e amplia\u00e7\u00e3o de hor\u00e1rios para melhorar o acesso da popula\u00e7\u00e3o. Os dados constam em estudo divulgado nesta semana, pela Confedera\u00e7\u00e3o Nacional de Munic\u00edpios (CNM), que analisou as coberturas vacinais entre 2010 e 2024 com base no Sistema de Informa\u00e7\u00e3o do Programa Nacional de Imuniza\u00e7\u00f5es (SI-PNI).<\/p>\n<p>O levantamento mostra que a queda come\u00e7ou em 2016, antes da pandemia. A recupera\u00e7\u00e3o iniciada em 2022 tem sido gradual, com o protagonismo dos munic\u00edpios aparecendo como fator determinante. Em Goi\u00e1s, profissionais de sa\u00fade e gestores locais relatam avan\u00e7os nas estrat\u00e9gias de imuniza\u00e7\u00e3o, ao mesmo tempo em que enfrentam obst\u00e1culos relacionados ao abastecimento e \u00e0 log\u00edstica de distribui\u00e7\u00e3o das doses.<\/p>\n<p>Desafio anterior \u00e0 pandemia<\/p>\n<p>A redu\u00e7\u00e3o nas taxas de imuniza\u00e7\u00e3o n\u00e3o \u00e9 consequ\u00eancia exclusiva da covid-19. O estudo da CNM identifica 2016 como o ano em que as coberturas come\u00e7aram a cair de forma sustentada no Brasil.<\/p>\n<p>Entre 2020 e 2021, o cen\u00e1rio se agravou com as restri\u00e7\u00f5es sanit\u00e1rias e o receio da popula\u00e7\u00e3o em procurar as unidades de sa\u00fade. A partir de 2022, observa-se uma recupera\u00e7\u00e3o, mas ainda insuficiente para retomar os patamares hist\u00f3ricos que fizeram do pa\u00eds refer\u00eancia mundial em imuniza\u00e7\u00e3o.<\/p>\n<p>Em Goi\u00e1s, o per\u00edodo da pandemia tamb\u00e9m impactou as coberturas, com fam\u00edlias adiando a vacina\u00e7\u00e3o dos filhos e unidades de sa\u00fade reorganizando seus fluxos de atendimento.<\/p>\n<p><img loading=\"lazy\" decoding=\"async\" class=\"size-full wp-image-634508\" src=\"https:\/\/www.europesays.com\/pt\/wp-content\/uploads\/2026\/01\/Foto-3-Foto_Agencia-Saude-DF.jpg\" alt=\"\" width=\"1200\" height=\"800\"  \/>Vacina\u00e7\u00e3o aumentou ap\u00f3s a pandemia (Foto: Ag\u00eancia Sa\u00fade DF)<br \/>\nVacinas que preocupam<\/p>\n<p>Algumas vacinas apresentam d\u00e9ficit prolongado no pa\u00eds. A imuniza\u00e7\u00e3o contra poliomielite n\u00e3o alcan\u00e7a a meta de 95% desde 2016. A vacina contra Hepatite B est\u00e1 abaixo do recomendado desde 2014.<\/p>\n<p>Pentavalente, Pneumoc\u00f3cica, Rotav\u00edrus, Meningoc\u00f3cica C, Febre Amarela, Hepatite A, DTP e Varicela tamb\u00e9m seguem aqu\u00e9m dos \u00edndices estabelecidos.<\/p>\n<p>O sarampo exemplifica os riscos da baixa cobertura. Considerado eliminado no Brasil em 2016, o v\u00edrus voltou a circular em 2018, per\u00edodo que coincidiu com a queda nas taxas de vacina\u00e7\u00e3o. Em Goi\u00e1s, a aten\u00e7\u00e3o se mant\u00e9m para evitar novos surtos.<\/p>\n<p>O cotidiano nas unidades de Goi\u00e2nia<\/p>\n<p>Ta\u00eds Mendon\u00e7a, 29 anos, t\u00e9cnica em enfermagem e moradora do Parque Atheneu, em Goi\u00e2nia, conhece bem a rotina de vacina\u00e7\u00e3o da filha de 2 anos. A caderneta de vacina\u00e7\u00e3o da menina est\u00e1 sempre atualizada, reflexo de um cuidado que ela considera fundamental.<\/p>\n<p>\u201cA gente sabe que \u00e9 importante manter a caderneta em dia. N\u00e3o s\u00f3 pela nossa filha, mas pelas outras crian\u00e7as tamb\u00e9m. \u00c9 uma responsabilidade coletiva, sabe? Quando uma crian\u00e7a est\u00e1 protegida, ela ajuda a proteger outras que ainda n\u00e3o podem se vacinar\u201d, diz.<\/p>\n<p>Ta\u00eds conta que, nas conversas com outras m\u00e3es na sala de espera da UBS do bairro, percebe diferentes n\u00edveis de conhecimento sobre as vacinas. \u201cTem gente muito informada, que pergunta tudo, quer entender cada dose. Mas tem m\u00e3e que vai porque o posto chamou, sem saber direito pra que serve. Acho que a informa\u00e7\u00e3o faz toda a diferen\u00e7a\u201d, observa.<\/p>\n<p><img loading=\"lazy\" decoding=\"async\" class=\"size-full wp-image-634509\" src=\"https:\/\/www.europesays.com\/pt\/wp-content\/uploads\/2026\/01\/vacinacao-foto-sandro-araujo-agencia-brasilia.jpeg\" alt=\"\" width=\"1024\" height=\"682\"  \/>Vacina\u00e7\u00e3o ainda carece de melhora de \u00edndices para diversas doen\u00e7as (Foto: Sandro Ara\u00fajo \u2013 Ag\u00eancia Bras\u00edlia)<br \/>\nProte\u00e7\u00e3o coletiva<\/p>\n<p>Juliana Tavares \u00e9 pediatra e atende h\u00e1 12 anos em cl\u00ednicas e hospitais de Goi\u00e2nia. Ela explica que a vacina\u00e7\u00e3o funciona como uma rede de prote\u00e7\u00e3o coletiva.<\/p>\n<p>\u201cQuando a maior parte das crian\u00e7as est\u00e1 imunizada, criamos uma barreira que dificulta a circula\u00e7\u00e3o de v\u00edrus e bact\u00e9rias. Isso protege n\u00e3o apenas quem foi vacinado, mas tamb\u00e9m beb\u00eas muito pequenos, pessoas com imunidade comprometida e aqueles que, por alguma raz\u00e3o m\u00e9dica, n\u00e3o podem receber determinada vacina\u201d, detalha.<\/p>\n<p>A m\u00e9dica observa que, nos \u00faltimos anos, tem acompanhado o reaparecimento de algumas doen\u00e7as que estavam menos frequentes nos consult\u00f3rios goianos. \u201cS\u00e3o casos pontuais de coqueluche em beb\u00eas, surtos de diarreia por rotav\u00edrus. Coisas que a gente n\u00e3o via com tanta frequ\u00eancia e que voltaram a aparecer. Isso nos lembra da import\u00e2ncia de manter as coberturas elevadas\u201d, complementa.<\/p>\n<p>Juliana acredita que a retomada depende de um trabalho conjunto. \u201c\u00c9 fundamental que as fam\u00edlias entendam que cada vacina tem seu prop\u00f3sito. E que os gestores garantam o abastecimento regular. Quando esses dois pontos se encontram, a cobertura melhora\u201d, afirma.<\/p>\n<p>M\u00faltiplos desafios<\/p>\n<p>Marcelo Bittencourt \u00e9 sanitarista e consultor em pol\u00edticas de sa\u00fade p\u00fablica. Ele atua em projetos no estado de Goi\u00e1s e contextualiza os desafios enfrentados pelos munic\u00edpios goianos e brasileiros.<\/p>\n<p>\u201cA vacina\u00e7\u00e3o infantil envolve m\u00faltiplos fatores. N\u00e3o \u00e9 s\u00f3 ter a vacina na geladeira. Voc\u00ea precisa de infraestrutura adequada nas unidades, equipes capacitadas, log\u00edstica de distribui\u00e7\u00e3o eficiente e, principalmente, comunica\u00e7\u00e3o efetiva com a popula\u00e7\u00e3o. Quando um desses elementos falha, toda a cadeia \u00e9 comprometida\u201d, enumera.<\/p>\n<p>O sanitarista destaca que a desinforma\u00e7\u00e3o \u00e9 um obst\u00e1culo relevante. \u201cA gente v\u00ea, principalmente nas redes sociais, informa\u00e7\u00f5es falsas sobre vacinas circulando livremente. Isso gera hesita\u00e7\u00e3o nas fam\u00edlias. O trabalho de esclarecimento precisa ser constante e baseado em evid\u00eancias\u201d, diz.<\/p>\n<p>Em Goi\u00e1s, gestores locais t\u00eam buscado solu\u00e7\u00f5es para superar obst\u00e1culos. H\u00e1 experi\u00eancias de busca ativa em bairros perif\u00e9ricos de Goi\u00e2nia e em cidades do interior, com agentes de sa\u00fade visitando fam\u00edlias, e tamb\u00e9m de amplia\u00e7\u00e3o de hor\u00e1rios de atendimento, facilitando o acesso de pais que trabalham.<\/p>\n<p>Estrat\u00e9gias que funcionam no estado<\/p>\n<p>O estudo da CNM refor\u00e7a o protagonismo municipal. Em 2024, 74,3% dos munic\u00edpios brasileiros alcan\u00e7aram a meta da BCG, o melhor resultado da s\u00e9rie hist\u00f3rica analisada. Em Goi\u00e1s, cidades de diferentes portes t\u00eam apresentado resultados positivos quando conseguem manter o abastecimento regular.<\/p>\n<p>Estrat\u00e9gias como integra\u00e7\u00e3o entre sa\u00fade e educa\u00e7\u00e3o, com vacina\u00e7\u00e3o em escolas e creches, uso mais eficiente dos sistemas de informa\u00e7\u00e3o para monitorar coberturas e campanhas de esclarecimento t\u00eam se mostrado eficazes no estado.<\/p>\n<p>Ta\u00eds Mendon\u00e7a reconhece esse esfor\u00e7o. \u201c\u00c0s vezes a gente reclama da demora, da fila, mas quando para pra pensar, v\u00ea que tem muita gente se esfor\u00e7ando pra que tudo funcione. As meninas da UBS sempre tentam ajudar, orientam a gente\u201d, reflete.<\/p>\n<p>Ela refor\u00e7a a import\u00e2ncia do esclarecimento. \u201cTem m\u00e3e que pergunta: \u2018Mas pra que serve essa?\u2019, \u2018\u00c9 obrigat\u00f3ria?\u2019. Acho que quanto mais a gente entende o porqu\u00ea de cada vacina, mais f\u00e1cil fica fazer quest\u00e3o de manter tudo em dia. Informa\u00e7\u00e3o clara faz toda a diferen\u00e7a\u201d, observa.<\/p>\n<p><img loading=\"lazy\" decoding=\"async\" class=\"size-full wp-image-634510\" src=\"https:\/\/www.europesays.com\/pt\/wp-content\/uploads\/2026\/01\/vacinacao-infantil-foto-paulo-carvalho-agencia-brasilia.jpeg\" alt=\"\" width=\"674\" height=\"450\"  \/>Esfor\u00e7o de autoridades \u00e9 para aumentar a cobertura vacinal (Foto: Sandro Ara\u00fajo -Ag\u00eancia Bras\u00edlia)<br \/>\nCaminhos para a retomada<\/p>\n<p>A CNM prop\u00f5e medidas para consolidar a recupera\u00e7\u00e3o das coberturas vacinais. Entre as recomenda\u00e7\u00f5es est\u00e3o a garantia de abastecimento cont\u00ednuo e previs\u00edvel de imunizantes, a moderniza\u00e7\u00e3o do Sistema de Informa\u00e7\u00e3o do PNI e o fortalecimento do financiamento federal destinado \u00e0 vigil\u00e2ncia em sa\u00fade nos munic\u00edpios. A entidade tamb\u00e9m defende a realiza\u00e7\u00e3o de campanhas permanentes de comunica\u00e7\u00e3o que esclare\u00e7am d\u00favidas e reforcem a import\u00e2ncia da vacina\u00e7\u00e3o.<\/p>\n<p>Juliana Tavares, a pediatra, acredita que o momento pede aten\u00e7\u00e3o continuada em Goi\u00e1s. \u201cEstamos vendo avan\u00e7os reais, com coberturas melhorando em algumas vacinas e munic\u00edpios se organizando melhor. Mas ainda h\u00e1 um caminho importante pela frente. A gente n\u00e3o pode relaxar agora\u201d, pondera.<\/p>\n<p>Marcelo Bittencourt, o sanitarista, complementa. \u201cA recupera\u00e7\u00e3o que observamos desde 2022 \u00e9 importante, mas fr\u00e1gil. Precisamos consolidar esses ganhos com pol\u00edticas sustent\u00e1veis. Investimento cont\u00ednuo, comunica\u00e7\u00e3o eficaz e compromisso de todas as esferas de governo. Sem isso, corremos o risco de retroceder\u201d, alerta.<\/p>\n<p>Compromisso compartilhado<\/p>\n<p>A caderneta de vacina\u00e7\u00e3o de uma crian\u00e7a representa um compromisso compartilhado entre profissionais de sa\u00fade, gestores e fam\u00edlias. Cada dose aplicada fortalece a prote\u00e7\u00e3o coletiva e ajuda a prevenir doen\u00e7as que podem ser evitadas.<\/p>\n<p>Em Goi\u00e1s, esse compromisso vem sendo renovado dia ap\u00f3s dia, em centenas de unidades b\u00e1sicas de sa\u00fade espalhadas pela capital e pelo interior, onde pais e m\u00e3es chegam dispostos a fazer sua parte na constru\u00e7\u00e3o de uma inf\u00e2ncia mais segura.<\/p>\n<p>Os dados da CNM mostram que a recupera\u00e7\u00e3o est\u00e1 em curso no pa\u00eds, mas precisa ser sustentada com aten\u00e7\u00e3o, recursos e di\u00e1logo constante com a sociedade. Para o estado, o desafio \u00e9 manter a mobiliza\u00e7\u00e3o local e garantir que cada crian\u00e7a goiana tenha acesso \u00e0s vacinas que salvam vidas. Proteger as crian\u00e7as de hoje \u00e9 investir no futuro de todos.<\/p>\n","protected":false},"excerpt":{"rendered":"Samuel Straioto Goi\u00e2nia \u2013\u00a0Goi\u00e1s acompanha o movimento nacional de recupera\u00e7\u00e3o da cobertura vacinal infantil iniciado em 2022, ap\u00f3s&hellip;\n","protected":false},"author":2,"featured_media":224047,"comment_status":"","ping_status":"","sticky":false,"template":"","format":"standard","meta":{"footnotes":""},"categories":[86],"tags":[116,32,33,117],"class_list":{"0":"post-224046","1":"post","2":"type-post","3":"status-publish","4":"format-standard","5":"has-post-thumbnail","7":"category-saude","8":"tag-health","9":"tag-portugal","10":"tag-pt","11":"tag-saude"},"share_on_mastodon":{"url":"https:\/\/pubeurope.com\/@pt\/115873024798298010","error":""},"_links":{"self":[{"href":"https:\/\/www.europesays.com\/pt\/wp-json\/wp\/v2\/posts\/224046","targetHints":{"allow":["GET"]}}],"collection":[{"href":"https:\/\/www.europesays.com\/pt\/wp-json\/wp\/v2\/posts"}],"about":[{"href":"https:\/\/www.europesays.com\/pt\/wp-json\/wp\/v2\/types\/post"}],"author":[{"embeddable":true,"href":"https:\/\/www.europesays.com\/pt\/wp-json\/wp\/v2\/users\/2"}],"replies":[{"embeddable":true,"href":"https:\/\/www.europesays.com\/pt\/wp-json\/wp\/v2\/comments?post=224046"}],"version-history":[{"count":0,"href":"https:\/\/www.europesays.com\/pt\/wp-json\/wp\/v2\/posts\/224046\/revisions"}],"wp:featuredmedia":[{"embeddable":true,"href":"https:\/\/www.europesays.com\/pt\/wp-json\/wp\/v2\/media\/224047"}],"wp:attachment":[{"href":"https:\/\/www.europesays.com\/pt\/wp-json\/wp\/v2\/media?parent=224046"}],"wp:term":[{"taxonomy":"category","embeddable":true,"href":"https:\/\/www.europesays.com\/pt\/wp-json\/wp\/v2\/categories?post=224046"},{"taxonomy":"post_tag","embeddable":true,"href":"https:\/\/www.europesays.com\/pt\/wp-json\/wp\/v2\/tags?post=224046"}],"curies":[{"name":"wp","href":"https:\/\/api.w.org\/{rel}","templated":true}]}}