{"id":224053,"date":"2026-01-10T22:05:19","date_gmt":"2026-01-10T22:05:19","guid":{"rendered":"https:\/\/www.europesays.com\/pt\/224053\/"},"modified":"2026-01-10T22:05:19","modified_gmt":"2026-01-10T22:05:19","slug":"eis-os-milhoes-de-euros-em-cima-da-mesa","status":"publish","type":"post","link":"https:\/\/www.europesays.com\/pt\/224053\/","title":{"rendered":"eis os milh\u00f5es de euros em cima da mesa"},"content":{"rendered":"<p>&#8211; Advertisement &#8211;<\/p>\n<p><strong>O Benfica quer fechar a contrata\u00e7\u00e3o de Rafa Silva. \u00c1guias j\u00e1 fizeram uma proposta ao Besiktas pelo avan\u00e7ado.<\/strong><\/p>\n<p>O Benfica tem em Rafa Silva um dos alvos neste mercado de transfer\u00eancias. De acordo com os turcos do Fanatik, as \u00e1guias j\u00e1 fizeram mesmo uma proposta oficial pelo avan\u00e7ado portugu\u00eas.<\/p>\n<p>Esta foi de cinco milh\u00f5es de euros e foi recusada por parte do Besiktas. O clube turco sonha com uma verba superior, mas o afastamento do jogador das op\u00e7\u00f5es \u2013 que <a href=\"https:\/\/bolanarede.pt\/especial-bola-na-rede\/atualidade\/rafa-silva-volta-a-ficar-de-fora-no-jogo-do-besiktas-e-benfica-mantem-interesse-no-avancado-portugues\/\" target=\"_blank\" rel=\"noreferrer noopener nofollow\">continua mesmo em jogos particulares<\/a> \u2013 fez reduzir o valor de mercado do internacional portugu\u00eas, colocando o conjunto turco com um problema nas m\u00e3os. <\/p>\n<p>Esta \u00e9poca internacional portugu\u00eas soma cinco golos e tr\u00eas assist\u00eancias em 16 jogos disputados pelo Besiktas. O jogador passou pelo Benfica entre 2016 e 2024, tendo sa\u00eddo a custo zero para a Turquia. \u00a0<\/p>\n<p><img fetchpriority=\"high\" decoding=\"async\" width=\"1024\" height=\"576\" src=\"data:image\/svg+xml,%3Csvg%20xmlns=\" http:=\"\" alt=\"Rafa Silva Besiktas\" class=\"wp-image-457133 ewww_webp_lazy_load\" data-lazy- data-lazy- data-lazy-src=\"https:\/\/www.europesays.com\/pt\/wp-content\/uploads\/2026\/01\/Rafa-Silva-Besiktas-2-1024x576.jpg\" data-lazy-src-webp=\"https:\/\/www.europesays.com\/pt\/wp-content\/uploads\/2026\/01\/Rafa-Silva-Besiktas-2-1024x576.jpg.webp\" data-lazy-srcset-webp=\"https:\/\/www.europesays.com\/pt\/wp-content\/uploads\/2026\/01\/Rafa-Silva-Besiktas-2-1024x576.jpg.webp 1024w, https:\/\/binny-bolanarede.b-cdn.net\/wp-content\/uploads\/2025\/11\/Rafa-Silva-Besiktas-2-300x169.jpg.webp 300w, https:\/\/binny-bolanarede.b-cdn.net\/wp-content\/uploads\/2025\/11\/Rafa-Silva-Besiktas-2-768x432.jpg.webp 768w, https:\/\/binny-bolanarede.b-cdn.net\/wp-content\/uploads\/2025\/11\/Rafa-Silva-Besiktas-2-1536x864.jpg.webp 1536w, https:\/\/binny-bolanarede.b-cdn.net\/wp-content\/uploads\/2025\/11\/Rafa-Silva-Besiktas-2-150x84.jpg.webp 150w, https:\/\/binny-bolanarede.b-cdn.net\/wp-content\/uploads\/2025\/11\/Rafa-Silva-Besiktas-2-696x392.jpg.webp 696w, https:\/\/binny-bolanarede.b-cdn.net\/wp-content\/uploads\/2025\/11\/Rafa-Silva-Besiktas-2-1068x601.jpg.webp 1068w, https:\/\/binny-bolanarede.b-cdn.net\/wp-content\/uploads\/2025\/11\/Rafa-Silva-Besiktas-2.jpg.webp 1920w\"\/>Fonte: Besiktas JK<\/p>\n","protected":false},"excerpt":{"rendered":"&#8211; Advertisement &#8211; O Benfica quer fechar a contrata\u00e7\u00e3o de Rafa Silva. \u00c1guias j\u00e1 fizeram uma proposta ao&hellip;\n","protected":false},"author":2,"featured_media":173359,"comment_status":"","ping_status":"","sticky":false,"template":"","format":"standard","meta":{"footnotes":""},"categories":[87],"tags":[260,51,437,135,478,1401,32,479,33,21749,134],"class_list":{"0":"post-224053","1":"post","2":"type-post","3":"status-publish","4":"format-standard","5":"has-post-thumbnail","7":"category-desporto","8":"tag-atualidade","9":"tag-benfica","10":"tag-besiktas","11":"tag-desporto","12":"tag-destaques-bnr","13":"tag-liga-turca","14":"tag-portugal","15":"tag-primeira-liga","16":"tag-pt","17":"tag-rafa-silva","18":"tag-sports"},"share_on_mastodon":{"url":"https:\/\/pubeurope.com\/@pt\/115873075918978906","error":""},"_links":{"self":[{"href":"https:\/\/www.europesays.com\/pt\/wp-json\/wp\/v2\/posts\/224053","targetHints":{"allow":["GET"]}}],"collection":[{"href":"https:\/\/www.europesays.com\/pt\/wp-json\/wp\/v2\/posts"}],"about":[{"href":"https:\/\/www.europesays.com\/pt\/wp-json\/wp\/v2\/types\/post"}],"author":[{"embeddable":true,"href":"https:\/\/www.europesays.com\/pt\/wp-json\/wp\/v2\/users\/2"}],"replies":[{"embeddable":true,"href":"https:\/\/www.europesays.com\/pt\/wp-json\/wp\/v2\/comments?post=224053"}],"version-history":[{"count":0,"href":"https:\/\/www.europesays.com\/pt\/wp-json\/wp\/v2\/posts\/224053\/revisions"}],"wp:featuredmedia":[{"embeddable":true,"href":"https:\/\/www.europesays.com\/pt\/wp-json\/wp\/v2\/media\/173359"}],"wp:attachment":[{"href":"https:\/\/www.europesays.com\/pt\/wp-json\/wp\/v2\/media?parent=224053"}],"wp:term":[{"taxonomy":"category","embeddable":true,"href":"https:\/\/www.europesays.com\/pt\/wp-json\/wp\/v2\/categories?post=224053"},{"taxonomy":"post_tag","embeddable":true,"href":"https:\/\/www.europesays.com\/pt\/wp-json\/wp\/v2\/tags?post=224053"}],"curies":[{"name":"wp","href":"https:\/\/api.w.org\/{rel}","templated":true}]}}