{"id":224056,"date":"2026-01-10T22:11:11","date_gmt":"2026-01-10T22:11:11","guid":{"rendered":"https:\/\/www.europesays.com\/pt\/224056\/"},"modified":"2026-01-10T22:11:11","modified_gmt":"2026-01-10T22:11:11","slug":"ventura-vociferou-mas-nao-escapou-ao-conselho-de-estado","status":"publish","type":"post","link":"https:\/\/www.europesays.com\/pt\/224056\/","title":{"rendered":"Ventura vociferou mas n\u00e3o escapou ao Conselho de Estado"},"content":{"rendered":"<p data-remotead-prev-elm=\"true\" data-remotead-elm-id=\"inread\">Naquela que ter\u00e1 sido a \u00faltima reuni\u00e3o do Conselho de Estado nos mandatos de Marcelo Rebelo de Sousa, dedicada ao atual panorama internacional, s\u00f3 uma aus\u00eancia foi registada, a de Pedro Nuno Santos, que havia anunciado que n\u00e3o estaria presente por j\u00e1 n\u00e3o ser secret\u00e1rio-geral do PS. Presentes estiveram dois candidatos presidenciais, Marques Mendes e Andr\u00e9 Ventura &#8211; este \u00faltimo, v\u00e1rias vezes criticou a realiza\u00e7\u00e3o do encontro em plena campanha eleitoral, mas n\u00e3o contornou a desloca\u00e7\u00e3o ao Pal\u00e1cio de Bel\u00e9m.<\/p>\n<p>Ap\u00f3s quatro horas, a reuni\u00e3o de hoje do Conselho de Estado terminou, pouco depois das 19 horas, sem que tenham sido divulgadas quaisquer conclus\u00f5es. O comunicado entregue aos jornalistas, depois de terminado o conclave, referia apenas, segundo a ag\u00eancia Lusa, que &#8220;o Conselho de Estado, reunido sob a presid\u00eancia de sua excel\u00eancia o presidente da Rep\u00fablica, hoje, dia 9 de janeiro, no Pal\u00e1cio de Bel\u00e9m, analisou a situa\u00e7\u00e3o internacional, em particular na Venezuela e na Ucr\u00e2nia&#8221;.<\/p>\n<p>O ausente e os cr\u00edticos<\/p>\n<p>A \u00fanica aus\u00eancia foi mesmo a de Pedro Nuno Santos, que j\u00e1 tinha anunciado que n\u00e3o estaria presente uma vez que foi eleito conselheiro pelo Parlamento, na anterior legislatura, na condi\u00e7\u00e3o de secret\u00e1rio-geral do PS, cargo que j\u00e1 n\u00e3o exerce.<\/p>\n<p>Se o l\u00edder do Chega v\u00e1rias vezes criticou o facto de o chefe de Estado ter convocado uma reuni\u00e3o do seu \u00f3rg\u00e3o pol\u00edtico de consulta no decorrer da campanha oficial para as presidenciais, tal n\u00e3o o impediu de marcar presen\u00e7a no encontro. Ainda hoje declarou que iria &#8220;dar nota da inoportunidade de um Conselho de Estado no meio de uma elei\u00e7\u00e3o presidencial, que n\u00e3o tem uma justifica\u00e7\u00e3o, a que n\u00e3o seja colocar o presidente da Rep\u00fablica em exerc\u00edcio no centro do debate pol\u00edtico&#8221;. Cr\u00edticas a que se juntaram v\u00e1rios candidatos, como Henrique Gouveia e Melo e Ant\u00f3nio Filipe.<\/p>\n","protected":false},"excerpt":{"rendered":"Naquela que ter\u00e1 sido a \u00faltima reuni\u00e3o do Conselho de Estado nos mandatos de Marcelo Rebelo de Sousa,&hellip;\n","protected":false},"author":2,"featured_media":224057,"comment_status":"","ping_status":"","sticky":false,"template":"","format":"standard","meta":{"footnotes":""},"categories":[10],"tags":[27,28,40235,15,16,14,25,26,21,22,588,619,12,13,19,20,32,23,24,33,17,18,29,30,31],"class_list":{"0":"post-224056","1":"post","2":"type-post","3":"status-publish","4":"format-standard","5":"has-post-thumbnail","7":"category-portugal","8":"tag-breaking-news","9":"tag-breakingnews","10":"tag-conselho-de-estado","11":"tag-featured-news","12":"tag-featurednews","13":"tag-headlines","14":"tag-latest-news","15":"tag-latestnews","16":"tag-main-news","17":"tag-mainnews","18":"tag-marcelo-rebelo-de-sousa","19":"tag-nacional","20":"tag-news","21":"tag-noticias","22":"tag-noticias-principais","23":"tag-noticiasprincipais","24":"tag-portugal","25":"tag-principais-noticias","26":"tag-principaisnoticias","27":"tag-pt","28":"tag-top-stories","29":"tag-topstories","30":"tag-ultimas","31":"tag-ultimas-noticias","32":"tag-ultimasnoticias"},"share_on_mastodon":{"url":"https:\/\/pubeurope.com\/@pt\/115873099721355979","error":""},"_links":{"self":[{"href":"https:\/\/www.europesays.com\/pt\/wp-json\/wp\/v2\/posts\/224056","targetHints":{"allow":["GET"]}}],"collection":[{"href":"https:\/\/www.europesays.com\/pt\/wp-json\/wp\/v2\/posts"}],"about":[{"href":"https:\/\/www.europesays.com\/pt\/wp-json\/wp\/v2\/types\/post"}],"author":[{"embeddable":true,"href":"https:\/\/www.europesays.com\/pt\/wp-json\/wp\/v2\/users\/2"}],"replies":[{"embeddable":true,"href":"https:\/\/www.europesays.com\/pt\/wp-json\/wp\/v2\/comments?post=224056"}],"version-history":[{"count":0,"href":"https:\/\/www.europesays.com\/pt\/wp-json\/wp\/v2\/posts\/224056\/revisions"}],"wp:featuredmedia":[{"embeddable":true,"href":"https:\/\/www.europesays.com\/pt\/wp-json\/wp\/v2\/media\/224057"}],"wp:attachment":[{"href":"https:\/\/www.europesays.com\/pt\/wp-json\/wp\/v2\/media?parent=224056"}],"wp:term":[{"taxonomy":"category","embeddable":true,"href":"https:\/\/www.europesays.com\/pt\/wp-json\/wp\/v2\/categories?post=224056"},{"taxonomy":"post_tag","embeddable":true,"href":"https:\/\/www.europesays.com\/pt\/wp-json\/wp\/v2\/tags?post=224056"}],"curies":[{"name":"wp","href":"https:\/\/api.w.org\/{rel}","templated":true}]}}