{"id":224061,"date":"2026-01-10T22:16:23","date_gmt":"2026-01-10T22:16:23","guid":{"rendered":"https:\/\/www.europesays.com\/pt\/224061\/"},"modified":"2026-01-10T22:16:23","modified_gmt":"2026-01-10T22:16:23","slug":"no-padel-com-alguem-bem-conhecido-dos-reality-shows-marcia-soares-deixa-fas-surpreendidos-com-companhia-especial-primeira-companhia","status":"publish","type":"post","link":"https:\/\/www.europesays.com\/pt\/224061\/","title":{"rendered":"No p\u00e1del com algu\u00e9m bem conhecido dos reality shows: Marcia Soares deixa f\u00e3s surpreendidos com companhia especial &#8211; Primeira Companhia"},"content":{"rendered":"<p data-end=\"1136\" data-start=\"859\">Foi com um sorriso e muita energia que <strong>Marcia Soares<\/strong> aproveitou uma tarde de desporto para jogar p\u00e1del com amigas. Entre risos e partidas animadas, uma presen\u00e7a destacou-se: <strong>Marta Cardoso<\/strong>, ex-concorrente do primeiro <a href=\"https:\/\/tvi.iol.pt\/bigbrother\/\" target=\"_blank\" rel=\"nofollow noopener\"><strong>Big Brother<\/strong><\/a>, h\u00e1 25 anos, e atualmente apresentadora da TVI.<\/p>\n<p data-end=\"1395\" data-start=\"1138\">A fotografia publicada nas stories da comentadora de reality shows deixou os f\u00e3s a questionar o encontro, mostrando que o desporto tamb\u00e9m pode ser uma desculpa para momentos divertidos e encontros inesperados entre figuras marcantes da televis\u00e3o portuguesa.<\/p>\n<p data-end=\"1605\" data-start=\"1397\">Apesar de n\u00e3o se saberem mais detalhes sobre a partida, a imagem prova que o universo dos reality shows continua a unir gera\u00e7\u00f5es, mesmo fora das c\u00e2maras.<\/p>\n<p>Veja a fotografia: <\/p>\n<p data-end=\"1605\" data-start=\"1397\"><img loading=\"lazy\" decoding=\"async\" alt=\"\" height=\"708\" src=\"https:\/\/www.europesays.com\/pt\/wp-content\/uploads\/2026\/01\/6962715ad34e92a344973b3c.webp\" width=\"400\"\/><\/p>\n<p data-end=\"1605\" data-start=\"1397\"><strong>Veja tamb\u00e9m:\u00a0<a href=\"https:\/\/tvi.iol.pt\/primeiracompanhia\/marcia-soares\/big-brother\/um-novo-desafio-marcia-soares-prepara-se-para-uma-revelacao-bombastica-que-pode-mudar-tudo\" target=\"_blank\" rel=\"nofollow noopener\">Um novo desafio? Marcia Soares prepara-se para uma revela\u00e7\u00e3o bomb\u00e1stica que pode mudar tudo<\/a><\/strong><\/p>\n","protected":false},"excerpt":{"rendered":"Foi com um sorriso e muita energia que Marcia Soares aproveitou uma tarde de desporto para jogar p\u00e1del&hellip;\n","protected":false},"author":2,"featured_media":224062,"comment_status":"","ping_status":"","sticky":false,"template":"","format":"standard","meta":{"footnotes":""},"categories":[142],"tags":[32685,6781,48,41432,41409,328,114,115,980,330,41431,32686,2038,338,19019,32,40325,33,41430,25009,151,162],"class_list":{"0":"post-224061","1":"post","2":"type-post","3":"status-publish","4":"format-standard","5":"has-post-thumbnail","7":"category-tv","8":"tag-1a-companhia","9":"tag-base","10":"tag-big-brother","11":"tag-bucelas","12":"tag-comandante","13":"tag-concorrentes","14":"tag-entertainment","15":"tag-entretenimento","16":"tag-famosos","17":"tag-gala","18":"tag-instrutores","19":"tag-jose-moutinho","20":"tag-marcia-soares","21":"tag-maria-botelho-moniz","22":"tag-marta-cardoso","23":"tag-portugal","24":"tag-primeira-companhia","25":"tag-pt","26":"tag-recruta","27":"tag-recrutas","28":"tag-tv","29":"tag-tvi"},"share_on_mastodon":{"url":"https:\/\/pubeurope.com\/@pt\/115873119122934137","error":""},"_links":{"self":[{"href":"https:\/\/www.europesays.com\/pt\/wp-json\/wp\/v2\/posts\/224061","targetHints":{"allow":["GET"]}}],"collection":[{"href":"https:\/\/www.europesays.com\/pt\/wp-json\/wp\/v2\/posts"}],"about":[{"href":"https:\/\/www.europesays.com\/pt\/wp-json\/wp\/v2\/types\/post"}],"author":[{"embeddable":true,"href":"https:\/\/www.europesays.com\/pt\/wp-json\/wp\/v2\/users\/2"}],"replies":[{"embeddable":true,"href":"https:\/\/www.europesays.com\/pt\/wp-json\/wp\/v2\/comments?post=224061"}],"version-history":[{"count":0,"href":"https:\/\/www.europesays.com\/pt\/wp-json\/wp\/v2\/posts\/224061\/revisions"}],"wp:featuredmedia":[{"embeddable":true,"href":"https:\/\/www.europesays.com\/pt\/wp-json\/wp\/v2\/media\/224062"}],"wp:attachment":[{"href":"https:\/\/www.europesays.com\/pt\/wp-json\/wp\/v2\/media?parent=224061"}],"wp:term":[{"taxonomy":"category","embeddable":true,"href":"https:\/\/www.europesays.com\/pt\/wp-json\/wp\/v2\/categories?post=224061"},{"taxonomy":"post_tag","embeddable":true,"href":"https:\/\/www.europesays.com\/pt\/wp-json\/wp\/v2\/tags?post=224061"}],"curies":[{"name":"wp","href":"https:\/\/api.w.org\/{rel}","templated":true}]}}