{"id":224069,"date":"2026-01-10T22:24:08","date_gmt":"2026-01-10T22:24:08","guid":{"rendered":"https:\/\/www.europesays.com\/pt\/224069\/"},"modified":"2026-01-10T22:24:08","modified_gmt":"2026-01-10T22:24:08","slug":"vai-ao-hospital-com-dores-no-estomago-e-da-a-luz-pensava-ser-infertil","status":"publish","type":"post","link":"https:\/\/www.europesays.com\/pt\/224069\/","title":{"rendered":"Vai ao hospital com dores no est\u00f4mago e d\u00e1 \u00e0 luz. Pensava ser inf\u00e9rtil"},"content":{"rendered":"<p>Uma jovem de 28 anos que julgava ser inf\u00e9rtil deu entrada num hospital por dores no est\u00f4mago e saiu com um rec\u00e9m-nascido nos bra\u00e7os. Melanie Smith, que n\u00e3o sabia que estava gr\u00e1vida, deu \u00e0 luz no dia de Natal, em Waukegan, no estado norte-americano do Illinois.<\/p>\n<p>H\u00e1 cerca de uma d\u00e9cada, Melanie Smith ficou a saber que, provavelmente, n\u00e3o poderia engravidar, devido a um problema no \u00fatero. Contudo, na madrugada de 25 de dezembro, a jovem foi assolada por dores no est\u00f4mago a que, inicialmente, atribuiu um bloqueio intestinal. Como a dor n\u00e3o abrandou, decidiu ir a uma unidade hospitalar.<\/p>\n<p>&#8220;[A dor] continuava a aumentar em intensidade e frequ\u00eancia. Por volta das 3h30, pensei: &#8216;Est\u00e1 na hora de ir ao hospital. Algo est\u00e1 muito errado.&#8217; Cheg\u00e1mos ao hospital e disseram: &#8216;Temos quase a certeza de que est\u00e1 gr\u00e1vida'&#8221;, recordou a jovem, em declara\u00e7\u00f5es \u00e0 ABC News.<\/p>\n<p>Cerca de duas horas depois, Melanie tinha o pequeno Vincent Antonio O&#8217;Dell nos bra\u00e7os.<\/p>\n<p>A mulher assegurou que, antes de sentir dores no est\u00f4mago, n\u00e3o tinha dado conta de quaisquer sinais que pudessem indicar que estava gr\u00e1vida, al\u00e9m de dores nas costas. No entanto, julgou que se tratava de um epis\u00f3dio devido ao tempo frio, j\u00e1 que j\u00e1 tinha sido submetida a uma cirurgia naquela zona, em 2020.<\/p>\n<p>De acordo com os profissionais de sa\u00fade, Melanie experienciou uma gravidez silenciosa, estando Vincent &#8220;escondido&#8221; atr\u00e1s da sua coluna.<\/p>\n<p>Ap\u00f3s o parto, m\u00e3e e filho foram transferidos para o Northwestern Medicine Catherine Gratz Griffin Lake Forest Hospital, em Lake Forest.<\/p>\n<p>&#8220;N\u00e3o recebemos qualquer tipo de assist\u00eancia pr\u00e9-natal e queriam ter a certeza de que estava tudo a 100%. Ele acabou por passar em todos os exames e recebeu um atestado de boa sa\u00fade de todos os pediatras que o examinaram&#8221;, apontou Melanie.<\/p>\n<p>A fam\u00edlia est\u00e1, agora, a ajustar-se \u00e0 vida a tr\u00eas.<\/p>\n<p>                                                    <img decoding=\"async\" height=\"640\" with=\"360\" src=\"https:\/\/www.europesays.com\/pt\/wp-content\/uploads\/2026\/01\/naom_68677cdae6162.jpg\" border=\"0\" alt=\"Baixa da natalidade em Fran\u00e7a leva cidade a oferecer 1.000 \u20ac por parto\"\/><\/p>\n<p>A queda da natalidade em Fran\u00e7a levou uma cidade do interior a decidir oferecer mil euros \u00e0s gr\u00e1vidas que ali tenham beb\u00e9s como forma de evitar o fecho da maternidade, denunciaram hoje quatro sindicatos m\u00e9dicos.<\/p>\n<p>                                                     Lusa | 13:27 &#8211; 02\/12\/2025 <\/p>\n","protected":false},"excerpt":{"rendered":"Uma jovem de 28 anos que julgava ser inf\u00e9rtil deu entrada num hospital por dores no est\u00f4mago e&hellip;\n","protected":false},"author":2,"featured_media":224070,"comment_status":"","ping_status":"","sticky":false,"template":"","format":"standard","meta":{"footnotes":""},"categories":[50],"tags":[27,28,15,16,14,25,26,21,22,62,12,13,19,20,23,24,17,18,29,30,31,63,64,65],"class_list":{"0":"post-224069","1":"post","2":"type-post","3":"status-publish","4":"format-standard","5":"has-post-thumbnail","7":"category-mundo","8":"tag-breaking-news","9":"tag-breakingnews","10":"tag-featured-news","11":"tag-featurednews","12":"tag-headlines","13":"tag-latest-news","14":"tag-latestnews","15":"tag-main-news","16":"tag-mainnews","17":"tag-mundo","18":"tag-news","19":"tag-noticias","20":"tag-noticias-principais","21":"tag-noticiasprincipais","22":"tag-principais-noticias","23":"tag-principaisnoticias","24":"tag-top-stories","25":"tag-topstories","26":"tag-ultimas","27":"tag-ultimas-noticias","28":"tag-ultimasnoticias","29":"tag-world","30":"tag-world-news","31":"tag-worldnews"},"share_on_mastodon":{"url":"https:\/\/pubeurope.com\/@pt\/115873150622657264","error":""},"_links":{"self":[{"href":"https:\/\/www.europesays.com\/pt\/wp-json\/wp\/v2\/posts\/224069","targetHints":{"allow":["GET"]}}],"collection":[{"href":"https:\/\/www.europesays.com\/pt\/wp-json\/wp\/v2\/posts"}],"about":[{"href":"https:\/\/www.europesays.com\/pt\/wp-json\/wp\/v2\/types\/post"}],"author":[{"embeddable":true,"href":"https:\/\/www.europesays.com\/pt\/wp-json\/wp\/v2\/users\/2"}],"replies":[{"embeddable":true,"href":"https:\/\/www.europesays.com\/pt\/wp-json\/wp\/v2\/comments?post=224069"}],"version-history":[{"count":0,"href":"https:\/\/www.europesays.com\/pt\/wp-json\/wp\/v2\/posts\/224069\/revisions"}],"wp:featuredmedia":[{"embeddable":true,"href":"https:\/\/www.europesays.com\/pt\/wp-json\/wp\/v2\/media\/224070"}],"wp:attachment":[{"href":"https:\/\/www.europesays.com\/pt\/wp-json\/wp\/v2\/media?parent=224069"}],"wp:term":[{"taxonomy":"category","embeddable":true,"href":"https:\/\/www.europesays.com\/pt\/wp-json\/wp\/v2\/categories?post=224069"},{"taxonomy":"post_tag","embeddable":true,"href":"https:\/\/www.europesays.com\/pt\/wp-json\/wp\/v2\/tags?post=224069"}],"curies":[{"name":"wp","href":"https:\/\/api.w.org\/{rel}","templated":true}]}}