{"id":224073,"date":"2026-01-10T22:27:08","date_gmt":"2026-01-10T22:27:08","guid":{"rendered":"https:\/\/www.europesays.com\/pt\/224073\/"},"modified":"2026-01-10T22:27:08","modified_gmt":"2026-01-10T22:27:08","slug":"joachim-trier-diz-o-que-acha-de-o-agente-secreto-10-01-2026-cinema-e-series","status":"publish","type":"post","link":"https:\/\/www.europesays.com\/pt\/224073\/","title":{"rendered":"Joachim Trier diz o que acha de &#8216;O Agente Secreto&#8217; &#8211; 10\/01\/2026 &#8211; Cinema e S\u00e9ries"},"content":{"rendered":"<p>\n<strong class=\"c-signature__location\">S\u00e3o Paulo<\/strong>\n<\/p>\n<p>Calo no sapato do Brasil na atual temporada de premia\u00e7\u00f5es, o filme &#8220;<a href=\"https:\/\/www1.folha.uol.com.br\/ilustrada\/2025\/12\/valor-sentimental-faz-da-complexidade-da-mente-uma-obra-magistral.shtml\" rel=\"nofollow noopener\" target=\"\">Valor Sentimental<\/a>&#8221; disputa duas categorias do <a href=\"https:\/\/www1.folha.uol.com.br\/folha-topicos\/globo-de-ouro\/\" rel=\"nofollow noopener\" target=\"_blank\">Globo de Ouro<\/a> 2026, que ser\u00e1 entregue no domingo (11) em <a href=\"https:\/\/www1.folha.uol.com.br\/folha-topicos\/los-angeles\/\" rel=\"nofollow noopener\" target=\"_blank\">Los Angeles<\/a>, com &#8220;<a href=\"https:\/\/www1.folha.uol.com.br\/folha-topicos\/o-agente-secreto\/\" rel=\"nofollow noopener\" target=\"_blank\">O Agente Secreto<\/a>&#8220;: melhor filme internacional e melhor filme dram\u00e1tico. Tamb\u00e9m \u00e9 um dos maiores concorrentes do filme de <a href=\"https:\/\/www1.folha.uol.com.br\/folha-topicos\/kleber-mendonca-filho\/\" rel=\"nofollow noopener\" target=\"_blank\">Kleber Mendon\u00e7a Filho<\/a> nas indica\u00e7\u00f5es ao <a href=\"https:\/\/www1.folha.uol.com.br\/folha-topicos\/oscar\/\" rel=\"nofollow noopener\" target=\"_blank\">Oscar<\/a>, que ser\u00e3o anunciadas no dia 22.<\/p>\n","protected":false},"excerpt":{"rendered":"S\u00e3o Paulo Calo no sapato do Brasil na atual temporada de premia\u00e7\u00f5es, o filme &#8220;Valor Sentimental&#8221; disputa duas&hellip;\n","protected":false},"author":2,"featured_media":224074,"comment_status":"","ping_status":"","sticky":false,"template":"","format":"standard","meta":{"footnotes":""},"categories":[145],"tags":[207,219,211,210,470,6724,223,114,115,224,225,471,226,19262,2595,221,220,222,36481,26718,2158,1409,32,33,218,228,227],"class_list":{"0":"post-224073","1":"post","2":"type-post","3":"status-publish","4":"format-standard","5":"has-post-thumbnail","7":"category-celebridades","8":"tag-arte","9":"tag-bichos","10":"tag-celebridades","11":"tag-celebrities","12":"tag-cinema","13":"tag-cinema-brasileiro","14":"tag-colunistas","15":"tag-entertainment","16":"tag-entretenimento","17":"tag-estranho","18":"tag-eu-amo","19":"tag-filme","20":"tag-fofices","21":"tag-globo-de-ouro","22":"tag-hollywood","23":"tag-horoscopo","24":"tag-humanos","25":"tag-humor","26":"tag-joachim-trier","27":"tag-kleber-mendona-filho","28":"tag-o-agente-secreto","29":"tag-oscar","30":"tag-portugal","31":"tag-pt","32":"tag-televisao","33":"tag-tudo","34":"tag-videos"},"share_on_mastodon":{"url":"https:\/\/pubeurope.com\/@pt\/115873162370546196","error":""},"_links":{"self":[{"href":"https:\/\/www.europesays.com\/pt\/wp-json\/wp\/v2\/posts\/224073","targetHints":{"allow":["GET"]}}],"collection":[{"href":"https:\/\/www.europesays.com\/pt\/wp-json\/wp\/v2\/posts"}],"about":[{"href":"https:\/\/www.europesays.com\/pt\/wp-json\/wp\/v2\/types\/post"}],"author":[{"embeddable":true,"href":"https:\/\/www.europesays.com\/pt\/wp-json\/wp\/v2\/users\/2"}],"replies":[{"embeddable":true,"href":"https:\/\/www.europesays.com\/pt\/wp-json\/wp\/v2\/comments?post=224073"}],"version-history":[{"count":0,"href":"https:\/\/www.europesays.com\/pt\/wp-json\/wp\/v2\/posts\/224073\/revisions"}],"wp:featuredmedia":[{"embeddable":true,"href":"https:\/\/www.europesays.com\/pt\/wp-json\/wp\/v2\/media\/224074"}],"wp:attachment":[{"href":"https:\/\/www.europesays.com\/pt\/wp-json\/wp\/v2\/media?parent=224073"}],"wp:term":[{"taxonomy":"category","embeddable":true,"href":"https:\/\/www.europesays.com\/pt\/wp-json\/wp\/v2\/categories?post=224073"},{"taxonomy":"post_tag","embeddable":true,"href":"https:\/\/www.europesays.com\/pt\/wp-json\/wp\/v2\/tags?post=224073"}],"curies":[{"name":"wp","href":"https:\/\/api.w.org\/{rel}","templated":true}]}}