{"id":224084,"date":"2026-01-10T22:39:07","date_gmt":"2026-01-10T22:39:07","guid":{"rendered":"https:\/\/www.europesays.com\/pt\/224084\/"},"modified":"2026-01-10T22:39:07","modified_gmt":"2026-01-10T22:39:07","slug":"task-force-dos-bombeiros-no-lumiar-gera-criticas","status":"publish","type":"post","link":"https:\/\/www.europesays.com\/pt\/224084\/","title":{"rendered":"&#8220;Task-force&#8221; dos Bombeiros no Lumiar gera cr\u00edticas"},"content":{"rendered":"<p data-remotead-prev-elm=\"true\" data-remotead-elm-id=\"inread\">Em comunicado, a ANTEM recorda que os casos mais recentes de demora no socorro, que originaram tr\u00eas mortes, ocorreram no Seixal, em Sesimbra, e em Tavira, e considera &#8220;dif\u00edcil compreender&#8221; a op\u00e7\u00e3o de montar a &#8220;task force&#8221; na sede da LBP. No seu entendimento, \u00e9 um ponto geogr\u00e1fico que &#8220;potencia o agravamento dos tempos de resposta&#8221;.<\/p>\n<p>A &#8220;task force&#8221;, anunciada na sexta-feira, integra quatro ambul\u00e2ncias dos bombeiros de Ajuda, Cabo Ruivo, Camarate e Cascais, operando entre as 8 e 20 horas. A estrutura de acompanhamento foi instalada na CAASO &#8211; Centro de Acompanhamento e Apoio \u00e0 Situa\u00e7\u00e3o Operacional -, um dispositivo criado pela Liga e com um comandante em perman\u00eancia.<\/p>\n<p>Sem compet\u00eancia<\/p>\n<p>A ANTEM questiona, por\u00e9m, o enquadramento da iniciativa, lembrando que &#8220;a Liga \u00e9, por defini\u00e7\u00e3o estatut\u00e1ria, uma confedera\u00e7\u00e3o de associa\u00e7\u00f5es humanit\u00e1rias, n\u00e3o dispondo de qualquer corpo operacional pr\u00f3prio&#8221;: &#8220;N\u00e3o lhe compete, nem lhe \u00e9 legalmente permitido, assumir fun\u00e7\u00f5es de comando, coordena\u00e7\u00e3o ou acompanhamento direto da atividade operacional no terreno&#8221;.<\/p>\n<p data-remotead-prev-elm=\"true\" data-remotead-elm-id=\"centro1\">A associa\u00e7\u00e3o manifesta ainda &#8220;s\u00e9rias reservas&#8221; quanto ao acesso a sistemas de comunica\u00e7\u00f5es operacionais e a informa\u00e7\u00e3o sens\u00edvel, habitualmente reservadas para autoridades de sa\u00fade e Prote\u00e7\u00e3o Civil.<\/p>\n<p>Como o JN noticiou, os concelhos de Almada e Seixal tinham apenas duas ambul\u00e2ncias dispon\u00edveis para uma popula\u00e7\u00e3o de 300 mil pessoas, na ter\u00e7a-feira, dia em que se registou a primeira de tr\u00eas mortes \u00e0 espera de socorro.<\/p>\n","protected":false},"excerpt":{"rendered":"Em comunicado, a ANTEM recorda que os casos mais recentes de demora no socorro, que originaram tr\u00eas mortes,&hellip;\n","protected":false},"author":2,"featured_media":224085,"comment_status":"","ping_status":"","sticky":false,"template":"","format":"standard","meta":{"footnotes":""},"categories":[10],"tags":[42771,43232,27,28,15,16,14,25,26,23406,21,22,619,12,13,19,20,32,23,24,33,17,18,29,30,31],"class_list":{"0":"post-224084","1":"post","2":"type-post","3":"status-publish","4":"format-standard","5":"has-post-thumbnail","7":"category-portugal","8":"tag-ambulancias","9":"tag-antem","10":"tag-breaking-news","11":"tag-breakingnews","12":"tag-featured-news","13":"tag-featurednews","14":"tag-headlines","15":"tag-latest-news","16":"tag-latestnews","17":"tag-liga-dos-bombeiros-portugueses","18":"tag-main-news","19":"tag-mainnews","20":"tag-nacional","21":"tag-news","22":"tag-noticias","23":"tag-noticias-principais","24":"tag-noticiasprincipais","25":"tag-portugal","26":"tag-principais-noticias","27":"tag-principaisnoticias","28":"tag-pt","29":"tag-top-stories","30":"tag-topstories","31":"tag-ultimas","32":"tag-ultimas-noticias","33":"tag-ultimasnoticias"},"share_on_mastodon":{"url":"https:\/\/pubeurope.com\/@pt\/115873209567667059","error":""},"_links":{"self":[{"href":"https:\/\/www.europesays.com\/pt\/wp-json\/wp\/v2\/posts\/224084","targetHints":{"allow":["GET"]}}],"collection":[{"href":"https:\/\/www.europesays.com\/pt\/wp-json\/wp\/v2\/posts"}],"about":[{"href":"https:\/\/www.europesays.com\/pt\/wp-json\/wp\/v2\/types\/post"}],"author":[{"embeddable":true,"href":"https:\/\/www.europesays.com\/pt\/wp-json\/wp\/v2\/users\/2"}],"replies":[{"embeddable":true,"href":"https:\/\/www.europesays.com\/pt\/wp-json\/wp\/v2\/comments?post=224084"}],"version-history":[{"count":0,"href":"https:\/\/www.europesays.com\/pt\/wp-json\/wp\/v2\/posts\/224084\/revisions"}],"wp:featuredmedia":[{"embeddable":true,"href":"https:\/\/www.europesays.com\/pt\/wp-json\/wp\/v2\/media\/224085"}],"wp:attachment":[{"href":"https:\/\/www.europesays.com\/pt\/wp-json\/wp\/v2\/media?parent=224084"}],"wp:term":[{"taxonomy":"category","embeddable":true,"href":"https:\/\/www.europesays.com\/pt\/wp-json\/wp\/v2\/categories?post=224084"},{"taxonomy":"post_tag","embeddable":true,"href":"https:\/\/www.europesays.com\/pt\/wp-json\/wp\/v2\/tags?post=224084"}],"curies":[{"name":"wp","href":"https:\/\/api.w.org\/{rel}","templated":true}]}}