{"id":224090,"date":"2026-01-10T22:46:07","date_gmt":"2026-01-10T22:46:07","guid":{"rendered":"https:\/\/www.europesays.com\/pt\/224090\/"},"modified":"2026-01-10T22:46:07","modified_gmt":"2026-01-10T22:46:07","slug":"batman-nova-capa-sugere-que-tim-drake-abandonara-o-manto-de-robin","status":"publish","type":"post","link":"https:\/\/www.europesays.com\/pt\/224090\/","title":{"rendered":"Batman | Nova capa sugere que Tim Drake abandonar\u00e1 o manto de Robin"},"content":{"rendered":"<p class=\"wp-block-yoast-seo-estimated-reading-time yoast-reading-time__wrapper\">Estimated reading time: 2 minutos<\/p>\n<p>A <strong>DC Comics<\/strong> divulgou uma nova capa variante para <a href=\"https:\/\/ovicio.com.br\/filme\/batman\/\" rel=\"nofollow noopener\" target=\"_blank\">Batman #6<\/a>, ilustrada pelo lend\u00e1rio <strong>Jim Lee<\/strong>, que traz um forte ind\u00edcio sobre o futuro de <strong>Tim Drake<\/strong>.<\/p>\n<p>A arte \u00e9 uma clara homenagem ao ic\u00f4nico painel <strong>&#8220;Spider-Man No More&#8221;<\/strong> (O Espetacular Homem-Aranha #50), mostrando <strong>Tim<\/strong> se afastando de seu uniforme de <strong>Robin<\/strong> jogado em uma lata de lixo. A imagem sugere que o Garoto Prod\u00edgio pode estar prestes a abandonar o manto e deixar a vida de vigilante para tr\u00e1s.<\/p>\n<p><img fetchpriority=\"high\" decoding=\"async\" width=\"666\" height=\"1024\" src=\"https:\/\/www.europesays.com\/pt\/wp-content\/uploads\/2026\/01\/20260110-g-pon7ixwaaut5u-666x1024.webp.webp\" alt=\"Arte de capa variante de Batman #6\" class=\"lazyload wp-image-890984\"  data-\/>Reprodu\u00e7\u00e3o: DC<\/p>\n<p>O roteirista da atual fase, <strong>Matt Fraction<\/strong>, j\u00e1 havia declarado anteriormente que tinha uma <strong>&#8220;grande hist\u00f3ria&#8221;<\/strong> planejada para <strong>Tim<\/strong>. Com a Bat-Fam\u00edlia cada vez mais fragmentada devido aos eventos recentes que culminar\u00e3o em <strong>Batman: Sil\u00eancio 2<\/strong>, a sa\u00edda de Drake parece ser o pr\u00f3ximo passo dram\u00e1tico na vida de <strong>Bruce Wayne<\/strong>.<\/p>\n<p><strong>Batman #6<\/strong>, que conta com arte de <strong>Jorge Jim\u00e9nez<\/strong>, chega \u00e0s lojas de quadrinhos dos Estados Unidos em 4 de fevereiro.<\/p>\n<p>Leia tamb\u00e9m sobre Batman:<\/p>\n","protected":false},"excerpt":{"rendered":"Estimated reading time: 2 minutos A DC Comics divulgou uma nova capa variante para Batman #6, ilustrada pelo&hellip;\n","protected":false},"author":2,"featured_media":224091,"comment_status":"","ping_status":"","sticky":false,"template":"","format":"standard","meta":{"footnotes":""},"categories":[140],"tags":[1948,2945,114,115,147,148,146,32,33,40724,41202],"class_list":{"0":"post-224090","1":"post","2":"type-post","3":"status-publish","4":"format-standard","5":"has-post-thumbnail","7":"category-filmes","8":"tag-batman","9":"tag-dc","10":"tag-entertainment","11":"tag-entretenimento","12":"tag-film","13":"tag-filmes","14":"tag-movies","15":"tag-portugal","16":"tag-pt","17":"tag-robin","18":"tag-tim-drake"},"share_on_mastodon":{"url":"https:\/\/pubeurope.com\/@pt\/115873237311670646","error":""},"_links":{"self":[{"href":"https:\/\/www.europesays.com\/pt\/wp-json\/wp\/v2\/posts\/224090","targetHints":{"allow":["GET"]}}],"collection":[{"href":"https:\/\/www.europesays.com\/pt\/wp-json\/wp\/v2\/posts"}],"about":[{"href":"https:\/\/www.europesays.com\/pt\/wp-json\/wp\/v2\/types\/post"}],"author":[{"embeddable":true,"href":"https:\/\/www.europesays.com\/pt\/wp-json\/wp\/v2\/users\/2"}],"replies":[{"embeddable":true,"href":"https:\/\/www.europesays.com\/pt\/wp-json\/wp\/v2\/comments?post=224090"}],"version-history":[{"count":0,"href":"https:\/\/www.europesays.com\/pt\/wp-json\/wp\/v2\/posts\/224090\/revisions"}],"wp:featuredmedia":[{"embeddable":true,"href":"https:\/\/www.europesays.com\/pt\/wp-json\/wp\/v2\/media\/224091"}],"wp:attachment":[{"href":"https:\/\/www.europesays.com\/pt\/wp-json\/wp\/v2\/media?parent=224090"}],"wp:term":[{"taxonomy":"category","embeddable":true,"href":"https:\/\/www.europesays.com\/pt\/wp-json\/wp\/v2\/categories?post=224090"},{"taxonomy":"post_tag","embeddable":true,"href":"https:\/\/www.europesays.com\/pt\/wp-json\/wp\/v2\/tags?post=224090"}],"curies":[{"name":"wp","href":"https:\/\/api.w.org\/{rel}","templated":true}]}}