{"id":224116,"date":"2026-01-10T23:16:14","date_gmt":"2026-01-10T23:16:14","guid":{"rendered":"https:\/\/www.europesays.com\/pt\/224116\/"},"modified":"2026-01-10T23:16:14","modified_gmt":"2026-01-10T23:16:14","slug":"o-senhor-dos-aneis-tera-historia-psicologica-com-the-hunt-for-gollum","status":"publish","type":"post","link":"https:\/\/www.europesays.com\/pt\/224116\/","title":{"rendered":"O Senhor dos An\u00e9is ter\u00e1 hist\u00f3ria psicol\u00f3gica com The Hunt for Gollum"},"content":{"rendered":"<p>  <img decoding=\"async\" src=\"https:\/\/cdn.ome.lt\/static\/omelete\/img\/loading.svg\" alt=\"\"\/><\/p>\n<p>  <img decoding=\"async\" class=\"article__cover__image\" data-lazy-src-mob=\"\/\/cdn.ome.lt\/kuvLRSRf4fVMLY-NFCSA7NVP25o=\/570x0\/smart\/filters:format(webp)\/uploads\/conteudo\/fotos\/helb_66__CGqengc.webp\" data-lazy-src=\"https:\/\/cdn.ome.lt\/72Z9G-DiDuMirABkk8WVKU9fBaU=\/987x0\/smart\/filters:format(webp)\/uploads\/conteudo\/fotos\/helb_66__CGqengc.webp\" src=\"data:image\/png;base64,iVBORw0KGgoAAAANSUhEUgAAAAEAAAABCAQAAAC1HAwCAAAAC0lEQVR42mNkYAAAAAYAAjCB0C8AAAAASUVORK5CYII=\" alt=\"O Senhor dos An\u00e9is - The Hunt for Gollum\" title=\"O Senhor dos An\u00e9is - The Hunt for Gollum\" width=\"987\" height=\"555\" fetchpriority=\"high\"\/><\/p>\n<p class=\"article__cover__credits\">\n  Cr\u00e9ditos da imagem:<br \/>\n  Reprodu\u00e7\u00e3o\n<\/p>\n<p>Um novo filme da franquia\u00a0<strong>O Senhor dos An\u00e9is<\/strong> se encontra em pr\u00e9-produ\u00e7\u00e3o na Nova Zel\u00e2ndia. Trata-se de\u00a0<strong>The Lord of the Rings: The Hunt for Gollum <\/strong>(em tradu\u00e7\u00e3o livre, <strong>O Senhor do An\u00e9is: A Ca\u00e7ada a Gollum<\/strong>), que trar\u00e1\u00a0<strong>Andy Serkis<\/strong> de volta ao personagem.<\/p>\n<p>Al\u00e9m de protagonizar, o ator tamb\u00e9m responder\u00e1 pela dire\u00e7\u00e3o do longa vindouro. &#8220;Revisitar um personagem que nunca realmente me deixou e, desta vez, assumir a dire\u00e7\u00e3o [do projeto] \u00e9 um desafio fenomenal, emocionante e, claro, aterrorizante ao mesmo tempo&#8221;, admite Serkis, em conversa com a revista Empire.<\/p>\n<p>            Continua depois da Publicidade<\/p>\n<p>&#8220;Temos uma tarefa muito espec\u00edfica pela frente: um retorno \u00e0 Terra-m\u00e9dia que satisfa\u00e7a a paix\u00e3o e o amor que gera\u00e7\u00f5es de f\u00e3s de\u00a0O Senhor dos An\u00e9is t\u00eam por essas hist\u00f3rias, ao mesmo tempo em que apresente algo completamente novo e original para quem visita a Terra-m\u00e9dia pela primeira vez, com um dos personagens mais ricos e complexos de Tolkien no centro da trama&#8221;, resume ele.<\/p>\n<p>Ainda sem previs\u00e3o de estreia, The Hunt of the Gollum contar\u00e1 com produ\u00e7\u00e3o de\u00a0<strong>Peter Jackson<\/strong> e roteiro de <strong>Fran Walsh<\/strong> e <strong>Philippa Boyens<\/strong>. &#8220;\u00c9 uma hist\u00f3ria de aventura com uma trama psicol\u00f3gica e interior muito forte&#8221;, promete Boyens, entusiasmada com o projeto.<\/p>\n","protected":false},"excerpt":{"rendered":"Cr\u00e9ditos da imagem: Reprodu\u00e7\u00e3o Um novo filme da franquia\u00a0O Senhor dos An\u00e9is se encontra em pr\u00e9-produ\u00e7\u00e3o na Nova&hellip;\n","protected":false},"author":2,"featured_media":224117,"comment_status":"","ping_status":"","sticky":false,"template":"","format":"standard","meta":{"footnotes":""},"categories":[140],"tags":[114,115,147,148,146,32,33],"class_list":{"0":"post-224116","1":"post","2":"type-post","3":"status-publish","4":"format-standard","5":"has-post-thumbnail","7":"category-filmes","8":"tag-entertainment","9":"tag-entretenimento","10":"tag-film","11":"tag-filmes","12":"tag-movies","13":"tag-portugal","14":"tag-pt"},"share_on_mastodon":{"url":"https:\/\/pubeurope.com\/@pt\/115873355325153222","error":""},"_links":{"self":[{"href":"https:\/\/www.europesays.com\/pt\/wp-json\/wp\/v2\/posts\/224116","targetHints":{"allow":["GET"]}}],"collection":[{"href":"https:\/\/www.europesays.com\/pt\/wp-json\/wp\/v2\/posts"}],"about":[{"href":"https:\/\/www.europesays.com\/pt\/wp-json\/wp\/v2\/types\/post"}],"author":[{"embeddable":true,"href":"https:\/\/www.europesays.com\/pt\/wp-json\/wp\/v2\/users\/2"}],"replies":[{"embeddable":true,"href":"https:\/\/www.europesays.com\/pt\/wp-json\/wp\/v2\/comments?post=224116"}],"version-history":[{"count":0,"href":"https:\/\/www.europesays.com\/pt\/wp-json\/wp\/v2\/posts\/224116\/revisions"}],"wp:featuredmedia":[{"embeddable":true,"href":"https:\/\/www.europesays.com\/pt\/wp-json\/wp\/v2\/media\/224117"}],"wp:attachment":[{"href":"https:\/\/www.europesays.com\/pt\/wp-json\/wp\/v2\/media?parent=224116"}],"wp:term":[{"taxonomy":"category","embeddable":true,"href":"https:\/\/www.europesays.com\/pt\/wp-json\/wp\/v2\/categories?post=224116"},{"taxonomy":"post_tag","embeddable":true,"href":"https:\/\/www.europesays.com\/pt\/wp-json\/wp\/v2\/tags?post=224116"}],"curies":[{"name":"wp","href":"https:\/\/api.w.org\/{rel}","templated":true}]}}