{"id":224122,"date":"2026-01-10T23:19:18","date_gmt":"2026-01-10T23:19:18","guid":{"rendered":"https:\/\/www.europesays.com\/pt\/224122\/"},"modified":"2026-01-10T23:19:18","modified_gmt":"2026-01-10T23:19:18","slug":"bd-que-apresentou-ao-mundo-o-super-homem-vendida-por-128-milhoes-copia-pertencia-a-nicolas-cage-e-esteve-11-anos-desaparecida","status":"publish","type":"post","link":"https:\/\/www.europesays.com\/pt\/224122\/","title":{"rendered":"BD que apresentou ao mundo o Super-Homem vendida por 12,8 milh\u00f5es. C\u00f3pia pertencia a Nicolas Cage e esteve 11 anos desaparecida"},"content":{"rendered":"<p>\t                Publica\u00e7\u00e3o que marcou o in\u00edcio do g\u00e9nero de super-her\u00f3is pertencia ao ator norte-americano Nicolas Cage<\/p>\n<p>Uma c\u00f3pia rara da banda desenhada que apresentou ao mundo\u00a0o Super-Homem, desaparecida durante 11 anos ap\u00f3s ser\u00a0roubada da casa do ator Nicolas Cage, foi vendida por um recorde de 15 milh\u00f5es de d\u00f3lares (12,8 milh\u00f5es de euros).<\/p>\n<p>O neg\u00f3cio privado anunciado na sexta-feira supera o pre\u00e7o recorde anterior de uma banda desenhada, estabelecido no passado m\u00eas de novembro, quando uma c\u00f3pia do &#8220;Superman N\u00ba 1&#8221; foi vendida em leil\u00e3o por 9,12 milh\u00f5es de d\u00f3lares.<\/p>\n<p>A venda do exemplar de\u00a0Action Comics\u00a0N\u00ba 1 foi negociada pela Metropolis Collectibles\/Comic Connect, com sede em Manhattan, que afirmou que o propriet\u00e1rio da banda desenhada e o comprador desejavam permanecer an\u00f3nimos.<\/p>\n<p>A banda desenhada, que custava 10 c\u00eantimos quando foi lan\u00e7ada em 1938, era uma antologia de hist\u00f3rias sobre personagens que hoje, em grande parte, j\u00e1 s\u00e3o pouco conhecidos.<\/p>\n<p>Mas em algumas partes, contava a hist\u00f3ria da origem do nascimento do Super-Homem num planeta moribundo, a sua viagem at\u00e9 \u00e0 Terra e a sua decis\u00e3o enquanto adulto de &#8220;transformar a sua for\u00e7a tit\u00e2nica em formas que beneficiem a humanidade&#8221;.<\/p>\n<p>A sua publica\u00e7\u00e3o marcou o in\u00edcio do g\u00e9nero de super-her\u00f3is.<\/p>\n<p>De acordo com o presidente da Metropolis Collectibles\/Comic Connect, Vincent Zurzolo, exisem cerca de 100 c\u00f3pias de Action Comics N\u00ba 1.<\/p>\n<p>&#8220;Este est\u00e1 entre o &#8216;Santo Graal&#8217; das bandas desenhadas. Sem o Super-Homem e a sua popularidade, n\u00e3o haveria Batman nem outras lendas das bandas desenhadas de super-her\u00f3is&#8221;, disse Zurzolo.<\/p>\n<p>&#8220;A sua import\u00e2ncia na comunidade de banda desenhada \u00e9 evidente com esta venda, pois pulveriza o recorde anterior&#8221;, adiantou Zurzolo.<\/p>\n<p>A banda desenhada foi roubada da casa de Nicolas Cage em Los Angeles em 2000, mas foi recuperada em 2011, quando um homem que tinha comprado o conte\u00fado de um antigo armaz\u00e9m no sul da Calif\u00f3rnia a encontrou.<\/p>\n<p>Esta acabou por ser devolvida a Cage, que a tinha comprado em 1996 por 150.000 d\u00f3lares.<\/p>\n<p>Seis meses depois de lhe ser devolvida, ele vendeu-a em leil\u00e3o por 2,2 milh\u00f5es de d\u00f3lares.<\/p>\n<p>Stephen Fishler, CEO da Metropolis Collectibles\/Comic Connect, disse que o roubo acabou por desempenhar um grande papel na valoriza\u00e7\u00e3o da banda desenhada.<\/p>\n<p>&#8220;Durante esse per\u00edodo de 11 anos [em que esteve desaparecida], o seu valor disparou&#8221;, afirmou Fishler.<\/p>\n<p>&#8220;O ladr\u00e3o fez Nicolas Cage ganhar muito dinheiro roubando-a&#8221;, acrescentou.<\/p>\n<p>Fishler comparou o exemplar \u00e0 Mona Lisa, roubada do museu do Louvre em Paris em 1911: &#8220;Ela ficou guardada debaixo da cama do ladr\u00e3o durante dois anos&#8221;, observou Fishler.<\/p>\n<p>&#8220;A recupera\u00e7\u00e3o da pintura fez com que a Mona Lisa passasse de ser apenas uma grande obra de Da Vinci para um \u00edcone mundial &#8211; e \u00e9 isso que a Action No. 1 \u00e9 &#8211; um \u00edcone da cultura pop americana&#8221;, concluiu.<\/p>\n","protected":false},"excerpt":{"rendered":"Publica\u00e7\u00e3o que marcou o in\u00edcio do g\u00e9nero de super-her\u00f3is pertencia ao ator norte-americano Nicolas Cage Uma c\u00f3pia rara&hellip;\n","protected":false},"author":2,"featured_media":224123,"comment_status":"","ping_status":"","sticky":false,"template":"","format":"standard","meta":{"footnotes":""},"categories":[85],"tags":[609,836,611,17469,27,607,608,333,832,604,135,610,476,114,115,301,830,603,3646,570,831,833,62,834,12222,13,835,602,52,32,33,16124,29,1183],"class_list":{"0":"post-224122","1":"post","2":"type-post","3":"status-publish","4":"format-standard","5":"has-post-thumbnail","7":"category-entretenimento","8":"tag-alerta","9":"tag-analise","10":"tag-ao-minuto","11":"tag-banda-desenhada","12":"tag-breaking-news","13":"tag-cnn","14":"tag-cnn-portugal","15":"tag-comentadores","16":"tag-costa","17":"tag-crime","18":"tag-desporto","19":"tag-direto","20":"tag-economia","21":"tag-entertainment","22":"tag-entretenimento","23":"tag-governo","24":"tag-guerra","25":"tag-justica","26":"tag-leilao","27":"tag-live","28":"tag-mais-vistas","29":"tag-marcelo","30":"tag-mundo","31":"tag-negocios","32":"tag-nicolas-cage","33":"tag-noticias","34":"tag-opiniao","35":"tag-pais","36":"tag-politica","37":"tag-portugal","38":"tag-pt","39":"tag-super-herois","40":"tag-ultimas","41":"tag-vendas"},"share_on_mastodon":{"url":"https:\/\/pubeurope.com\/@pt\/115873366858696519","error":""},"_links":{"self":[{"href":"https:\/\/www.europesays.com\/pt\/wp-json\/wp\/v2\/posts\/224122","targetHints":{"allow":["GET"]}}],"collection":[{"href":"https:\/\/www.europesays.com\/pt\/wp-json\/wp\/v2\/posts"}],"about":[{"href":"https:\/\/www.europesays.com\/pt\/wp-json\/wp\/v2\/types\/post"}],"author":[{"embeddable":true,"href":"https:\/\/www.europesays.com\/pt\/wp-json\/wp\/v2\/users\/2"}],"replies":[{"embeddable":true,"href":"https:\/\/www.europesays.com\/pt\/wp-json\/wp\/v2\/comments?post=224122"}],"version-history":[{"count":0,"href":"https:\/\/www.europesays.com\/pt\/wp-json\/wp\/v2\/posts\/224122\/revisions"}],"wp:featuredmedia":[{"embeddable":true,"href":"https:\/\/www.europesays.com\/pt\/wp-json\/wp\/v2\/media\/224123"}],"wp:attachment":[{"href":"https:\/\/www.europesays.com\/pt\/wp-json\/wp\/v2\/media?parent=224122"}],"wp:term":[{"taxonomy":"category","embeddable":true,"href":"https:\/\/www.europesays.com\/pt\/wp-json\/wp\/v2\/categories?post=224122"},{"taxonomy":"post_tag","embeddable":true,"href":"https:\/\/www.europesays.com\/pt\/wp-json\/wp\/v2\/tags?post=224122"}],"curies":[{"name":"wp","href":"https:\/\/api.w.org\/{rel}","templated":true}]}}