{"id":224126,"date":"2026-01-10T23:23:07","date_gmt":"2026-01-10T23:23:07","guid":{"rendered":"https:\/\/www.europesays.com\/pt\/224126\/"},"modified":"2026-01-10T23:23:07","modified_gmt":"2026-01-10T23:23:07","slug":"membro-dos-super-dragoes-detido-com-quilo-de-droga-e-200-mil-euros-em-ramalde","status":"publish","type":"post","link":"https:\/\/www.europesays.com\/pt\/224126\/","title":{"rendered":"Membro dos Super Drag\u00f5es detido com quilo de droga e 200 mil euros em Ramalde"},"content":{"rendered":"<p data-remotead-prev-elm=\"true\" data-remotead-elm-id=\"inread\">A opera\u00e7\u00e3o foi concretizada por agentes da Divis\u00e3o de Investiga\u00e7\u00e3o Criminal (DIC) da PSP do Porto, ap\u00f3s dilig\u00eancias que duravam h\u00e1 alguns meses.<\/p>\n<p>Os agentes da DIC efetuaram v\u00e1rias buscas domicili\u00e1rias na zona de Ramalde e o JN sabe que foram apreendidos mais de um quilo de coca\u00edna, hero\u00edna e cerca de 200 mil euros em dinheiro.<\/p>\n<p>Ao suspeito, ouvido este s\u00e1bado em primeiro interrogat\u00f3rio judicial no Tribunal de Instru\u00e7\u00e3o Criminal do Porto, foi decretada a medida de coa\u00e7\u00e3o mais gravosa, a pris\u00e3o preventiva.<\/p>\n","protected":false},"excerpt":{"rendered":"A opera\u00e7\u00e3o foi concretizada por agentes da Divis\u00e3o de Investiga\u00e7\u00e3o Criminal (DIC) da PSP do Porto, ap\u00f3s dilig\u00eancias&hellip;\n","protected":false},"author":2,"featured_media":219398,"comment_status":"","ping_status":"","sticky":false,"template":"","format":"standard","meta":{"footnotes":""},"categories":[10],"tags":[27,28,19764,15,16,14,6775,603,25,26,21,22,12,13,19,20,462,32,23,24,1306,33,17,18,29,30,31],"class_list":{"0":"post-224126","1":"post","2":"type-post","3":"status-publish","4":"format-standard","5":"has-post-thumbnail","7":"category-portugal","8":"tag-breaking-news","9":"tag-breakingnews","10":"tag-cocaina","11":"tag-featured-news","12":"tag-featurednews","13":"tag-headlines","14":"tag-heroina","15":"tag-justica","16":"tag-latest-news","17":"tag-latestnews","18":"tag-main-news","19":"tag-mainnews","20":"tag-news","21":"tag-noticias","22":"tag-noticias-principais","23":"tag-noticiasprincipais","24":"tag-porto","25":"tag-portugal","26":"tag-principais-noticias","27":"tag-principaisnoticias","28":"tag-psp","29":"tag-pt","30":"tag-top-stories","31":"tag-topstories","32":"tag-ultimas","33":"tag-ultimas-noticias","34":"tag-ultimasnoticias"},"share_on_mastodon":{"url":"https:\/\/pubeurope.com\/@pt\/115873382646046268","error":""},"_links":{"self":[{"href":"https:\/\/www.europesays.com\/pt\/wp-json\/wp\/v2\/posts\/224126","targetHints":{"allow":["GET"]}}],"collection":[{"href":"https:\/\/www.europesays.com\/pt\/wp-json\/wp\/v2\/posts"}],"about":[{"href":"https:\/\/www.europesays.com\/pt\/wp-json\/wp\/v2\/types\/post"}],"author":[{"embeddable":true,"href":"https:\/\/www.europesays.com\/pt\/wp-json\/wp\/v2\/users\/2"}],"replies":[{"embeddable":true,"href":"https:\/\/www.europesays.com\/pt\/wp-json\/wp\/v2\/comments?post=224126"}],"version-history":[{"count":0,"href":"https:\/\/www.europesays.com\/pt\/wp-json\/wp\/v2\/posts\/224126\/revisions"}],"wp:featuredmedia":[{"embeddable":true,"href":"https:\/\/www.europesays.com\/pt\/wp-json\/wp\/v2\/media\/219398"}],"wp:attachment":[{"href":"https:\/\/www.europesays.com\/pt\/wp-json\/wp\/v2\/media?parent=224126"}],"wp:term":[{"taxonomy":"category","embeddable":true,"href":"https:\/\/www.europesays.com\/pt\/wp-json\/wp\/v2\/categories?post=224126"},{"taxonomy":"post_tag","embeddable":true,"href":"https:\/\/www.europesays.com\/pt\/wp-json\/wp\/v2\/tags?post=224126"}],"curies":[{"name":"wp","href":"https:\/\/api.w.org\/{rel}","templated":true}]}}