{"id":224127,"date":"2026-01-10T23:24:12","date_gmt":"2026-01-10T23:24:12","guid":{"rendered":"https:\/\/www.europesays.com\/pt\/224127\/"},"modified":"2026-01-10T23:24:12","modified_gmt":"2026-01-10T23:24:12","slug":"seguro-outra-vez-em-vantagem-cotrim-ultrapassa-ventura-que-cai-para-terceiro","status":"publish","type":"post","link":"https:\/\/www.europesays.com\/pt\/224127\/","title":{"rendered":"Seguro outra vez em vantagem. Cotrim ultrapassa Ventura que cai para terceiro"},"content":{"rendered":"<p data-remotead-prev-elm=\"true\" data-remotead-elm-id=\"inread\">Separados por d\u00e9cimas, os tr\u00eas primeiros candidatos trocam de lugares em rela\u00e7\u00e3o a sexta-feira, sendo agora Ant\u00f3nio Jos\u00e9 Seguro quem recupera a vantagem com 20,8% de inten\u00e7\u00f5es de voto, beneficiando de uma quebra nos candidatos mais \u00e0 esquerda.<\/p>\n<p>Mas, tal como na sexta-feira, Seguro tem muito perto Jo\u00e3o Cotrim de Figueiredo, que tamb\u00e9m sobe quase 1pp para os 20,1% e ultrapassa Andr\u00e9 Ventura, que cai de primeiro para terceiro com 19,8%. Ou seja, <strong>Seguro e Cotrim est\u00e3o separados por 0,7 d\u00e9cimas, Cotrim e Ventura por 0,3 d\u00e9cimas<\/strong>. Tudo empatado, portanto.<\/p>\n<p>Ainda dentro do empate, tendo em conta a margem de erro, <strong>Henrique Gouveia e Melo tem 17,4%<\/strong>, uma subida em rela\u00e7\u00e3o a sexta-feira.<\/p>\n<p data-remotead-prev-elm=\"true\" data-remotead-elm-id=\"centro1\"><img decoding=\"async\" class=\"ngx-body\" guid=\"95883d69-03f8-4b3f-bd96-927696acdfa3\" src=\"https:\/\/www.europesays.com\/pt\/wp-content\/uploads\/2026\/01\/1768087452_944_image.webp.webp\" width=\"100%\"\/><\/p>\n<p>Pelo contr\u00e1rio, <strong>Lu\u00eds Marques Mendes que, nos \u00faltimos dias, parecia inverter a tend\u00eancia de queda, volta a descer para 15,7%<\/strong>. O candidato apoiado pela AD ainda \u00e9 aquele que os inquiridos indicam como tendo maior din\u00e2mica de vit\u00f3ria, ou seja, quem pensam que pode vencer, mas analisando a evolu\u00e7\u00e3o ao longo da semana, constata-se que tamb\u00e9m a\u00ed houve uma quebra de 7pp.<\/p>\n<p>J\u00e1 Ant\u00f3nio Jos\u00e9 Seguro viu, nesta semana, aumentar 6pp essa din\u00e2mica de vit\u00f3ria, embora esteja, nesta quest\u00e3o, atr\u00e1s de Mendes e Ventura e empatado com Gouveia e Melo.<\/p>\n<p data-remotead-prev-elm=\"true\" data-remotead-elm-id=\"centro2\">No <strong>fundo da tabela de inten\u00e7\u00f5es de voto est\u00e3o Catarina Martins (2,7%), Ant\u00f3nio Filipe (1,8%), Jorge Pinto (0,8%) e Manuel Jo\u00e3o Vieira (0,6%)<\/strong>.<\/p>\n<p>Por eleitorados, Ventura \u00e9 quem fixa melhor quem votou no Chega (embora com ligeira quebra ao longo da semana). Seguro atinge o valor mais alto de fixa\u00e7\u00e3o do votos socialista (54%), enquanto Marques Mendes n\u00e3o descola dos 30% na AD, vendo Cotrim de Figueiredo captar cerca de 20% do eleitorado da AD e Gouveia e Melo outros quase 20%. O almirante na reserva ainda vai buscar outros 20% junto de quem vota no PS.<\/p>\n<p>FICHA T\u00c9CNICA<\/p>\n<p>De 7 a 9 de janeiro foi recolhida diariamente pela Pitag\u00f3rica para a <strong>TSF<\/strong>, JN e TVI\/CNN Portugal, uma subamostra de um m\u00ednimo de 202 entrevistas representativa do universo eleitoral portugu\u00eas tendo por base os crit\u00e9rios de g\u00e9nero, idade e regi\u00e3o. O resultado do apuramento dos tr\u00eas \u00faltimos dias de trabalho de campo, implica uma amostra 608 indiv\u00edduos que para um grau de confian\u00e7a de 95,5% corresponde a uma margem de erro m\u00e1xima de \u00b14,06%.<\/p>\n<p>O estudo tem como objetivo avaliar a opini\u00e3o dos eleitores portugueses, sobre temas relacionados com as presidenciais. A taxa de resposta foi de 50,62% e a dire\u00e7\u00e3o t\u00e9cnica do estudo \u00e9 da responsabilidade de Rita Marques da Silva.<\/p>\n","protected":false},"excerpt":{"rendered":"Separados por d\u00e9cimas, os tr\u00eas primeiros candidatos trocam de lugares em rela\u00e7\u00e3o a sexta-feira, sendo agora Ant\u00f3nio Jos\u00e9&hellip;\n","protected":false},"author":2,"featured_media":224128,"comment_status":"","ping_status":"","sticky":false,"template":"","format":"standard","meta":{"footnotes":""},"categories":[8],"tags":[27,28,1705,15,16,14,25,26,21,22,12,13,19,20,52,32,5215,1076,23,24,33,4862,17,18,29,30,31],"class_list":{"0":"post-224127","1":"post","2":"type-post","3":"status-publish","4":"format-standard","5":"has-post-thumbnail","7":"category-principais-noticias","8":"tag-breaking-news","9":"tag-breakingnews","10":"tag-eleicoes-presidenciais","11":"tag-featured-news","12":"tag-featurednews","13":"tag-headlines","14":"tag-latest-news","15":"tag-latestnews","16":"tag-main-news","17":"tag-mainnews","18":"tag-news","19":"tag-noticias","20":"tag-noticias-principais","21":"tag-noticiasprincipais","22":"tag-politica","23":"tag-portugal","24":"tag-presidenciais","25":"tag-presidenciais-2026","26":"tag-principais-noticias","27":"tag-principaisnoticias","28":"tag-pt","29":"tag-sondagem","30":"tag-top-stories","31":"tag-topstories","32":"tag-ultimas","33":"tag-ultimas-noticias","34":"tag-ultimasnoticias"},"share_on_mastodon":{"url":"https:\/\/pubeurope.com\/@pt\/115873386709096038","error":""},"_links":{"self":[{"href":"https:\/\/www.europesays.com\/pt\/wp-json\/wp\/v2\/posts\/224127","targetHints":{"allow":["GET"]}}],"collection":[{"href":"https:\/\/www.europesays.com\/pt\/wp-json\/wp\/v2\/posts"}],"about":[{"href":"https:\/\/www.europesays.com\/pt\/wp-json\/wp\/v2\/types\/post"}],"author":[{"embeddable":true,"href":"https:\/\/www.europesays.com\/pt\/wp-json\/wp\/v2\/users\/2"}],"replies":[{"embeddable":true,"href":"https:\/\/www.europesays.com\/pt\/wp-json\/wp\/v2\/comments?post=224127"}],"version-history":[{"count":0,"href":"https:\/\/www.europesays.com\/pt\/wp-json\/wp\/v2\/posts\/224127\/revisions"}],"wp:featuredmedia":[{"embeddable":true,"href":"https:\/\/www.europesays.com\/pt\/wp-json\/wp\/v2\/media\/224128"}],"wp:attachment":[{"href":"https:\/\/www.europesays.com\/pt\/wp-json\/wp\/v2\/media?parent=224127"}],"wp:term":[{"taxonomy":"category","embeddable":true,"href":"https:\/\/www.europesays.com\/pt\/wp-json\/wp\/v2\/categories?post=224127"},{"taxonomy":"post_tag","embeddable":true,"href":"https:\/\/www.europesays.com\/pt\/wp-json\/wp\/v2\/tags?post=224127"}],"curies":[{"name":"wp","href":"https:\/\/api.w.org\/{rel}","templated":true}]}}