{"id":224139,"date":"2026-01-10T23:34:21","date_gmt":"2026-01-10T23:34:21","guid":{"rendered":"https:\/\/www.europesays.com\/pt\/224139\/"},"modified":"2026-01-10T23:34:21","modified_gmt":"2026-01-10T23:34:21","slug":"prefeitura-promove-a-inclusao-social-de-maneira-pedagogica-e-educacional-atraves-do-teatro-e-revela-talentos","status":"publish","type":"post","link":"https:\/\/www.europesays.com\/pt\/224139\/","title":{"rendered":"Prefeitura promove a inclus\u00e3o social de maneira pedag\u00f3gica\u00a0e educacional atrav\u00e9s do teatro e revela talentos"},"content":{"rendered":"<p>O \u201cProjeto Arte e cultura Florescer\u201d foi criado com o objetivo de promover a inclus\u00e3o social de forma pedag\u00f3gica e art\u00edstica, atrav\u00e9s de instrumentos como a m\u00fasica e o teatro, oferecendo as crian\u00e7as e adolescentes moradores dos residenciais constru\u00eddos pelo Programa Habitacional da Prefeitura, a oportunidade de ter outra vis\u00e3o melhor da sociedade em que eles vivem.<\/p>\n<p><img fetchpriority=\"high\" decoding=\"async\" width=\"1024\" height=\"768\" data-id=\"424524\" src=\"https:\/\/www.europesays.com\/pt\/wp-content\/uploads\/2026\/01\/de4140b7-ee58-4a17-99ea-317c14482fb0-1024x768.jpg\" alt=\"\" class=\"wp-image-424524\"  \/><\/p>\n<p><img loading=\"lazy\" decoding=\"async\" width=\"703\" height=\"1024\" data-id=\"424526\" src=\"https:\/\/www.europesays.com\/pt\/wp-content\/uploads\/2026\/01\/WhatsApp-Image-2026-01-08-at-13.49.10-703x1024.jpeg\" alt=\"\" class=\"wp-image-424526\"  \/><\/p>\n<p><img loading=\"lazy\" decoding=\"async\" width=\"1024\" height=\"768\" data-id=\"424515\" src=\"https:\/\/www.europesays.com\/pt\/wp-content\/uploads\/2026\/01\/5ba93d80-8ac6-4c85-9eba-14272ab19ff3-1024x768.jpg\" alt=\"\" class=\"wp-image-424515\"  \/><\/p>\n<p><img loading=\"lazy\" decoding=\"async\" width=\"1024\" height=\"768\" data-id=\"424516\" src=\"https:\/\/www.europesays.com\/pt\/wp-content\/uploads\/2026\/01\/9e7acbcf-6478-4234-913a-1743f7fcfb37-1024x768.jpg\" alt=\"\" class=\"wp-image-424516\"  \/><\/p>\n<p><img loading=\"lazy\" decoding=\"async\" width=\"1024\" height=\"768\" data-id=\"424517\" src=\"https:\/\/www.europesays.com\/pt\/wp-content\/uploads\/2026\/01\/6322d11e-4d1e-40b5-b8be-fb444b07c405-1024x768.jpg\" alt=\"\" class=\"wp-image-424517\"  \/><\/p>\n<p>Com dois anos de cria\u00e7\u00e3o, o projeto j\u00e1 proporcionou a participa\u00e7\u00e3o dos jovens em cinco espet\u00e1culos e v\u00e1rias encena\u00e7\u00f5es tem\u00e1ticas produzidas para ocasi\u00f5es espec\u00edficas com temas definidos, al\u00e9m de j\u00e1 ter revelado o talento art\u00edstico de alguns atores e atrizes que demonstraram grande aptid\u00e3o para as artes c\u00eanicas.\u00a0<\/p>\n<p><img loading=\"lazy\" decoding=\"async\" width=\"1024\" height=\"576\" data-id=\"424522\" src=\"https:\/\/www.europesays.com\/pt\/wp-content\/uploads\/2026\/01\/43f0ee08-ed13-4bea-ac04-df502aa1536e-1024x576.jpg\" alt=\"\" class=\"wp-image-424522\"  \/><\/p>\n<p><img loading=\"lazy\" decoding=\"async\" width=\"1024\" height=\"768\" data-id=\"424520\" src=\"https:\/\/www.europesays.com\/pt\/wp-content\/uploads\/2026\/01\/990b00b6-e4ff-4e5e-ae14-6907cb249a82-1024x768.jpg\" alt=\"\" class=\"wp-image-424520\"  \/><\/p>\n<p><img loading=\"lazy\" decoding=\"async\" width=\"1024\" height=\"576\" data-id=\"424523\" src=\"https:\/\/www.europesays.com\/pt\/wp-content\/uploads\/2026\/01\/f5149088-d2eb-469e-9419-fd45142e5e95-1024x576.jpg\" alt=\"\" class=\"wp-image-424523\"  \/><\/p>\n<p>\u201cO projeto come\u00e7ou de forma t\u00edmida com o teatro de fantoches contando hist\u00f3rias que retratavam a realidade vivida por esses jovens no cotidiano deles dentro de casa e foi crescendo at\u00e9 chegar a produ\u00e7\u00e3o de espet\u00e1culos teatrais como O M\u00e1gico de Oz, Pinocchio, a Paix\u00e3o de Cristo e o Auto de Natal\u201d, comentou a secret\u00e1ria de Habita\u00e7\u00e3o, Socorro Gadelha.<\/p>\n<p><img loading=\"lazy\" decoding=\"async\" width=\"1024\" height=\"768\" data-id=\"424528\" src=\"https:\/\/www.europesays.com\/pt\/wp-content\/uploads\/2026\/01\/72a2992d-ce72-4f0c-b055-6f4cbb41d043-1024x768.jpg\" alt=\"\" class=\"wp-image-424528\"  \/><\/p>\n<p><img loading=\"lazy\" decoding=\"async\" width=\"1024\" height=\"768\" data-id=\"424529\" src=\"https:\/\/www.europesays.com\/pt\/wp-content\/uploads\/2026\/01\/562a3c32-1a96-400d-bfbb-df4733c43c83-1024x768.jpg\" alt=\"\" class=\"wp-image-424529\"  \/><\/p>\n<p><img loading=\"lazy\" decoding=\"async\" width=\"1024\" height=\"768\" data-id=\"424530\" src=\"https:\/\/www.europesays.com\/pt\/wp-content\/uploads\/2026\/01\/c39c315e-55c4-485b-a792-de84a55b897d-1024x768.jpg\" alt=\"\" class=\"wp-image-424530\"  \/><\/p>\n<p>Ela acrescentou que a Prefeitura de Jo\u00e3o Pessoa tem um trabalho social muito ativo e presente dentro dos residenciais, atrav\u00e9s do Programa P\u00f3s Ocupacional realizado pela Semhab e foi \u201cexatamente essa proximidade com as pessoas, que mostrou que n\u00f3s poder\u00edamos promover a inclus\u00e3o social usando a arte e a cultura como instrumentos de\u00a0 transforma\u00e7\u00e3o na vida desses jovens\u201d.<\/p>\n<p><img loading=\"lazy\" decoding=\"async\" width=\"768\" height=\"1024\" data-id=\"424531\" src=\"https:\/\/www.europesays.com\/pt\/wp-content\/uploads\/2026\/01\/4e38fadd-5f85-43bc-9206-5eb84daf6d37-1-768x1024.jpg\" alt=\"\" class=\"wp-image-424531\"  \/><\/p>\n<p><img loading=\"lazy\" decoding=\"async\" width=\"768\" height=\"1024\" data-id=\"424533\" src=\"https:\/\/www.europesays.com\/pt\/wp-content\/uploads\/2026\/01\/5c97bf55-3df7-4c1c-b34a-2ca2891bce2d-768x1024.jpg\" alt=\"\" class=\"wp-image-424533\"  \/><\/p>\n<p><img loading=\"lazy\" decoding=\"async\" width=\"1024\" height=\"768\" data-id=\"424532\" src=\"https:\/\/www.europesays.com\/pt\/wp-content\/uploads\/2026\/01\/164f93d5-bb51-40c6-b0f9-d8dd3482d3eb-1024x768.jpg\" alt=\"\" class=\"wp-image-424532\"  \/><\/p>\n<p>Ela explicou o projeto tem a participa\u00e7\u00e3o de 15 jovens, moradores dos Residenciais Vista Alegre e Vista do Verde e tem a participa\u00e7\u00e3o de alunos da Escola Municipal Anayde Beiriz, al\u00e9m de ter uma parceria com o Grupo Cara Dupla Coletivo de Teatro, com a atriz e diretora Let\u00edcia Rodrigues que tem produzido e dirigido os espet\u00e1culos j\u00e1 produzidos.<\/p>\n<p>A secret\u00e1ria lembrou que a miss\u00e3o do prefeito C\u00edcero Lucena e do vice Leo Bezerra \u00e9 promover e investir na qualidade de vida da fam\u00edlia pessoense, principalmente aquelas que viviam em condi\u00e7\u00f5es prec\u00e1rias e receberam um apartamento entregue pela Prefeitura, reafirmando o prop\u00f3sito de continuar investindo no projeto em 2026 com a produ\u00e7\u00e3o de novos espet\u00e1culos.<\/p>\n<p><strong>Compromisso com o social \u2013 <\/strong>O secret\u00e1rio executivo da Habita\u00e7\u00e3o, Beto Pirulito, ressaltou que a gest\u00e3o do prefeito C\u00edcero Lucena e do vice L\u00e9o Bezerra tem um compromisso muito forte com o social. \u201cInvestir em arte e cultura \u00e9 transformar a vida dos jovens envolvidos no projeto, que s\u00e3o agentes multiplicadores dentro da comunidade e s\u00e3o inspira\u00e7\u00e3o para outros jovens\u201d.<\/p>\n<p>\u201c\u00c9 preciso entender que a arte e a cultura t\u00eam uma fun\u00e7\u00e3o pedag\u00f3gica importante que leva a inclus\u00e3o social, al\u00e9m de ser uma ferramenta educacional e em dois anos o Projeto Arte e Cultura Florescer fortaleceu o nosso compromisso social, promovendo a revela\u00e7\u00e3o de novos talentos, proporcionando a esses jovens uma nova perspectiva de vida\u201d, ressaltou Beto Pirulito.<\/p>\n<p>\u201cVivemos hoje em uma sociedade cheia de conflitos, onde os jovens s\u00e3o obrigados a conviver com situa\u00e7\u00f5es extremas e a Prefeitura, atrav\u00e9s do trabalho social desenvolvido pela Equipe t\u00e9cnica da Secretaria de Habita\u00e7\u00e3o, tem um olhar humanizado sobre a realidade das fam\u00edlias dos residenciais\u201d, ressaltou Beto Pirulito.<\/p>\n<p>Ele garantiu que a Semhab vai continuar investindo em projetos transformadores, usando o programa habitacional como instrumento para mudar a vida das pessoas, adiantando que \u201ca entrega de uma moradia \u00e9\u00a0 muito mais do que um patrim\u00f4nio, \u00e9\u00a0 a oportunidade de um futuro e uma qualidade de vida melhor\u201d.<\/p>\n<p><strong>Revelando talentos \u2013<\/strong> A atriz, produtora e diretora teatral, Let\u00edcia Rodrigues, disse que tem sido gratificante trabalhar com a equipe da Semhab no Projeto Arte e Cultura Florescer, que tem revelado novos talentos a cada espet\u00e1culo. Ela contou que na pr\u00f3xima pe\u00e7a do Grupo Cara Dupla Coletiva de Teatro vai ter a participa\u00e7\u00e3o de atores e atrizes do Projeto, citando Lorena, Evelin, T\u00e9o, Gab, Bianca e Artur.\u00a0 \u201cS\u00e3o meninos e meninas de grande talento, que se entregam de corpo e alma durante as apresenta\u00e7\u00f5es e n\u00f3s estamos ajudando a transformar a vida desses jovens, quando vemos o desempenho deles nas escolas onde estudam\u201d, comentou.<\/p>\n<p>O espet\u00e1culo mais recente do grupo foi o \u201cAuto de Natal\u201d e os atores que interpretaram Maria e Jos\u00e9 s\u00e3o um exemplo de como o Projeto Arte e Cultura Florescer tem transformado a vida desses Jovens. Lorena Sofia Alves (Maria) e Artur Lucena (Jos\u00e9) participaram de todas as pe\u00e7as montadas pelo grupo. \u00a0\u00a0Eles contam se tornaram pessoas melhores com uma vis\u00e3o mais equilibrada do mundo e, tamb\u00e9m, passaram a ter um bom rendimento escolar,\u00a0 passaram a ter uma conviv\u00eancia melhor com as pessoas, sem inibi\u00e7\u00e3o e tendo mais firmeza na hora de tomar decis\u00f5es.<\/p>\n<p>A assistente social Nice da Silva, da equipe t\u00e9cnica da Semhab, informou que foram montados os espet\u00e1culos: A paix\u00e3o de Cristo com \u201cJesus habita em Mim\u201d na Semana Santa, \u201cA hist\u00f3ria da Vov\u00f3\u201d,\u00a0 \u201cA Cigarra e a Formiga\u201d apresentado durante o Encontro Nacional de Habita\u00e7\u00e3o de interesse social, \u00a0e o \u201cAuto de Natal\u201d contando o nascimento de Jesus Cristo. O projeto\u00a0 tamb\u00e9m levou atores para o elenco dos espet\u00e1culos \u201cO M\u00e1gico de Oz\u201d nas duas vers\u00f5es e \u00a0\u201cPin\u00f3cchio\u201d, do Grupo Cara Dupla Coletivo de Teatro, al\u00e9m de terem participado de esquetes teatrais tem\u00e1ticas durante eventos promovidos pela Secretaria de Habita\u00e7\u00e3o.<\/p>\n","protected":false},"excerpt":{"rendered":"O \u201cProjeto Arte e cultura Florescer\u201d foi criado com o objetivo de promover a inclus\u00e3o social de forma&hellip;\n","protected":false},"author":2,"featured_media":224140,"comment_status":"","ping_status":"","sticky":false,"template":"","format":"standard","meta":{"footnotes":""},"categories":[84],"tags":[109,107,108,7074,32,33,105,103,104,106,110],"class_list":{"0":"post-224139","1":"post","2":"type-post","3":"status-publish","4":"format-standard","5":"has-post-thumbnail","7":"category-ciencia-e-tecnologia","8":"tag-ciencia","9":"tag-ciencia-e-tecnologia","10":"tag-cienciaetecnologia","11":"tag-html5-template","12":"tag-portugal","13":"tag-pt","14":"tag-science","15":"tag-science-and-technology","16":"tag-scienceandtechnology","17":"tag-technology","18":"tag-tecnologia"},"share_on_mastodon":{"url":"https:\/\/pubeurope.com\/@pt\/115873426142148080","error":""},"_links":{"self":[{"href":"https:\/\/www.europesays.com\/pt\/wp-json\/wp\/v2\/posts\/224139","targetHints":{"allow":["GET"]}}],"collection":[{"href":"https:\/\/www.europesays.com\/pt\/wp-json\/wp\/v2\/posts"}],"about":[{"href":"https:\/\/www.europesays.com\/pt\/wp-json\/wp\/v2\/types\/post"}],"author":[{"embeddable":true,"href":"https:\/\/www.europesays.com\/pt\/wp-json\/wp\/v2\/users\/2"}],"replies":[{"embeddable":true,"href":"https:\/\/www.europesays.com\/pt\/wp-json\/wp\/v2\/comments?post=224139"}],"version-history":[{"count":0,"href":"https:\/\/www.europesays.com\/pt\/wp-json\/wp\/v2\/posts\/224139\/revisions"}],"wp:featuredmedia":[{"embeddable":true,"href":"https:\/\/www.europesays.com\/pt\/wp-json\/wp\/v2\/media\/224140"}],"wp:attachment":[{"href":"https:\/\/www.europesays.com\/pt\/wp-json\/wp\/v2\/media?parent=224139"}],"wp:term":[{"taxonomy":"category","embeddable":true,"href":"https:\/\/www.europesays.com\/pt\/wp-json\/wp\/v2\/categories?post=224139"},{"taxonomy":"post_tag","embeddable":true,"href":"https:\/\/www.europesays.com\/pt\/wp-json\/wp\/v2\/tags?post=224139"}],"curies":[{"name":"wp","href":"https:\/\/api.w.org\/{rel}","templated":true}]}}