{"id":224164,"date":"2026-01-11T00:04:07","date_gmt":"2026-01-11T00:04:07","guid":{"rendered":"https:\/\/www.europesays.com\/pt\/224164\/"},"modified":"2026-01-11T00:04:07","modified_gmt":"2026-01-11T00:04:07","slug":"ex-presidente-russo-lanca-ameaca-aos-governantes-idiotas-da-europa-no-caso-de-enviarem-forcas-para-a-ucrania","status":"publish","type":"post","link":"https:\/\/www.europesays.com\/pt\/224164\/","title":{"rendered":"Ex-presidente russo lan\u00e7a amea\u00e7a aos &#8220;governantes idiotas da Europa&#8221; no caso de enviarem for\u00e7as para a Ucr\u00e2nia"},"content":{"rendered":"<p>O ex-presidente russo Dmitry Medvedev avisou este s\u00e1bado, 10 de janeiro, os respons\u00e1veis europeus, que classificou de \u201cgovernantes idiotas\u201d, de que n\u00e3o devem enviar for\u00e7as internacionais para a Ucr\u00e2nia, amea\u00e7ando com a repeti\u00e7\u00e3o de <a aria-label=\"content\" target=\"_blank\" href=\"https:\/\/www.dn.pt\/internacional\/ataque-macio-russo-a-kiev-faz-quatro-mortos-moscovo-usa-sistema-de-msseis-hipersnicos-oreshnik\" rel=\"nofollow noopener\">bombardeamentos como o de sexta-feira em Kiev<\/a>.<\/p>\n<p>\u201cOs governantes idiotas da Europa ainda querem a guerra na Europa\u201d, escreveu nas redes sociais Medvedev, atualmente vice-presidente do Conselho de Seguran\u00e7a da R\u00fassia.<\/p>\n<p>Medvedev referia-se especificamente aos resultados da cimeira da Coliga\u00e7\u00e3o da Boa Vontade sobre a Ucr\u00e2nia, realizada esta semana em Paris, que terminou com a Fran\u00e7a e o Reino Unido a concordarem em estabelecer bases operacionais avan\u00e7adas na Ucr\u00e2nia como parte de uma for\u00e7a multinacional do p\u00f3s-guerra \u2014 uma situa\u00e7\u00e3o que Moscovo considera intoler\u00e1vel.<\/p>\n<p>\u201cJ\u00e1 foi dito mil vezes: a R\u00fassia n\u00e3o aceitar\u00e1 tropas europeias ou da NATO na Ucr\u00e2nia. Mas n\u00e3o, Micron [forma como Medvedev se referiu ao presidente franc\u00eas Emmanuel Macron] continua a espalhar este disparate pat\u00e9tico\u201d, denunciou, na sua mensagem.<\/p>\n<p>Se \u201cainda querem a guerra na Europa, que venham&#8221;. &#8220;\u00c9 isto que os espera\u201d, declarou Medvedev antes de publicar um v\u00eddeo do bombardeamento de sexta-feira em Kiev.<\/p>\n<p>O ataque russo \u00e0 capital ucraniana fez pelo menos quatro mortos e 20 feridos e caracterizou-se pela utiliza\u00e7\u00e3o, pela segunda vez desde o in\u00edcio da guerra, em fevereiro de 2022, do m\u00edssil Oreshnik, capaz de transportar ogivas nucleares.<\/p>\n<p>Moscovo caracterizou o ataque como \u201cuma resposta ao ataque terrorista do regime de Kiev contra o Presidente da Federa\u00e7\u00e3o Russa [Vladimir Putin] na regi\u00e3o de Novgorod, a 29 de dezembro de 2025\u201d, um acontecimento que a Ucr\u00e2nia nega ter acontecido e que o Presidente dos EUA, Donald Trump, admitiu ter d\u00favidas.<\/p>\n","protected":false},"excerpt":{"rendered":"O ex-presidente russo Dmitry Medvedev avisou este s\u00e1bado, 10 de janeiro, os respons\u00e1veis europeus, que classificou de \u201cgovernantes&hellip;\n","protected":false},"author":2,"featured_media":224165,"comment_status":"","ping_status":"","sticky":false,"template":"","format":"standard","meta":{"footnotes":""},"categories":[50],"tags":[27,28,5009,447,445,15,16,889,14,25,26,21,22,62,12,13,19,20,23,24,839,17,18,29,30,31,63,64,65],"class_list":{"0":"post-224164","1":"post","2":"type-post","3":"status-publish","4":"format-standard","5":"has-post-thumbnail","7":"category-mundo","8":"tag-breaking-news","9":"tag-breakingnews","10":"tag-dmitry-medvedev","11":"tag-emmanuel-macron","12":"tag-europa","13":"tag-featured-news","14":"tag-featurednews","15":"tag-guerra-na-ucrania","16":"tag-headlines","17":"tag-latest-news","18":"tag-latestnews","19":"tag-main-news","20":"tag-mainnews","21":"tag-mundo","22":"tag-news","23":"tag-noticias","24":"tag-noticias-principais","25":"tag-noticiasprincipais","26":"tag-principais-noticias","27":"tag-principaisnoticias","28":"tag-russia","29":"tag-top-stories","30":"tag-topstories","31":"tag-ultimas","32":"tag-ultimas-noticias","33":"tag-ultimasnoticias","34":"tag-world","35":"tag-world-news","36":"tag-worldnews"},"share_on_mastodon":{"url":"","error":"Validation failed: Text character limit of 500 exceeded"},"_links":{"self":[{"href":"https:\/\/www.europesays.com\/pt\/wp-json\/wp\/v2\/posts\/224164","targetHints":{"allow":["GET"]}}],"collection":[{"href":"https:\/\/www.europesays.com\/pt\/wp-json\/wp\/v2\/posts"}],"about":[{"href":"https:\/\/www.europesays.com\/pt\/wp-json\/wp\/v2\/types\/post"}],"author":[{"embeddable":true,"href":"https:\/\/www.europesays.com\/pt\/wp-json\/wp\/v2\/users\/2"}],"replies":[{"embeddable":true,"href":"https:\/\/www.europesays.com\/pt\/wp-json\/wp\/v2\/comments?post=224164"}],"version-history":[{"count":0,"href":"https:\/\/www.europesays.com\/pt\/wp-json\/wp\/v2\/posts\/224164\/revisions"}],"wp:featuredmedia":[{"embeddable":true,"href":"https:\/\/www.europesays.com\/pt\/wp-json\/wp\/v2\/media\/224165"}],"wp:attachment":[{"href":"https:\/\/www.europesays.com\/pt\/wp-json\/wp\/v2\/media?parent=224164"}],"wp:term":[{"taxonomy":"category","embeddable":true,"href":"https:\/\/www.europesays.com\/pt\/wp-json\/wp\/v2\/categories?post=224164"},{"taxonomy":"post_tag","embeddable":true,"href":"https:\/\/www.europesays.com\/pt\/wp-json\/wp\/v2\/tags?post=224164"}],"curies":[{"name":"wp","href":"https:\/\/api.w.org\/{rel}","templated":true}]}}