{"id":224169,"date":"2026-01-11T00:07:09","date_gmt":"2026-01-11T00:07:09","guid":{"rendered":"https:\/\/www.europesays.com\/pt\/224169\/"},"modified":"2026-01-11T00:07:09","modified_gmt":"2026-01-11T00:07:09","slug":"isabel-veloso-chegou-a-deixar-conselho-sobre-a-morte-durante-entrevista-r7-entretenimento","status":"publish","type":"post","link":"https:\/\/www.europesays.com\/pt\/224169\/","title":{"rendered":"Isabel Veloso chegou a deixar conselho sobre a morte durante entrevista \u2013 R7 Entretenimento"},"content":{"rendered":"<p><img decoding=\"async\" data-chromatic=\"ignore\" alt=\"\" class=\"c-image\" loading=\"lazy\" src=\"https:\/\/www.europesays.com\/pt\/wp-content\/uploads\/2026\/01\/WQUIWJVTTBGK3LEWQ7SVEPODEQ.jpeg\"  width=\"1200\" height=\"670\"\/>Isabel com o marido e o filho Reprodu\u00e7\u00e3o\/Instagram @isabelveloso <\/p>\n<p class=\"jarvics:base-text-neutral-high-400 base-text-[calc(theme(fontSize.xs)_*_var(--font-size,_1))] base-font-normal base-font-primary base-text-neutral-low-500 base-text-left\">Isabel Veloso, influenciadora que tornou p\u00fablica sua luta contra o c\u00e2ncer nos \u00faltimos anos, morreu neste s\u00e1bado (10), aos 19 anos de idade. Em entrevista ao podcast Intelig\u00eancia Ltda., em dezembro de 2024, ela chegou a deixar um conselho aos f\u00e3s a respeito de sua eventual morte.<\/p>\n<p class=\"jarvics:base-text-neutral-high-400 base-text-[calc(theme(fontSize.xs)_*_var(--font-size,_1))] base-font-normal base-font-primary base-text-neutral-low-500 base-text-left\">Na ocasi\u00e3o, foi questionada pelo entrevistador Rog\u00e9rio Vilela: \u201cO que voc\u00ea quer deixar para o pessoal que est\u00e1 assistindo, para depois que voc\u00ea se for, algumas palavras\u201d.<\/p>\n<p class=\"jarvics:base-text-neutral-high-400 base-text-[calc(theme(fontSize.xs)_*_var(--font-size,_1))] base-font-normal base-font-primary base-text-neutral-low-500 base-text-left\">Isabel Veloso respondeu: \u201cEu sei que, quando eu me for, vai ser um momento de muito al\u00edvio, sabe? S\u00f3 que eu sei que eu n\u00e3o vou mais ter lembran\u00e7a nenhuma. Mas voc\u00eas v\u00e3o. Eu nem falaria nada. S\u00f3 pediria.\u201d<\/p>\n<blockquote class=\"b-article-body-quote__title\" style=\"color:#F78714\"><p>\u201cS\u00f3 viva. Respira por mim o que eu n\u00e3o pude respirar. Viva por mim o que eu n\u00e3o pude viver. Ame o que eu n\u00e3o pude amar. Aproveite o seu filho da forma que eu nunca vou poder ter a experi\u00eancia. S\u00f3 aproveita. S\u00f3 faz o que eu gostaria de fazer\u201d, concluiu.<\/p><\/blockquote>\n<p>Quem era Isabel Veloso<\/p>\n<p class=\"jarvics:base-text-neutral-high-400 base-text-[calc(theme(fontSize.xs)_*_var(--font-size,_1))] base-font-normal base-font-primary base-text-neutral-low-500 base-text-left\">Isabel Veloso foi uma influenciadora diagnosticada com Linfoma de Hodgkin, c\u00e2ncer agressivo no sistema linf\u00e1tico, em 2021, ainda na adolesc\u00eancia. Nos \u00faltimos anos, ela compartilhou os momentos de luta contra a doen\u00e7a em redes sociais, al\u00e9m de ter participado de podcasts para falar sobre o tema.<\/p>\n<p class=\"jarvics:base-text-neutral-high-400 base-text-[calc(theme(fontSize.xs)_*_var(--font-size,_1))] base-font-normal base-font-primary base-text-neutral-low-500 base-text-left\">Ela passou por um transplante de medula \u00f3ssea no \u00faltimo m\u00eas de outubro e vinha internada desde ent\u00e3o. Passou por outros problemas de sa\u00fade como excesso de magn\u00e9sio no sangue e um quadro grave de pneumonia.<\/p>\n<p class=\"jarvics:base-text-neutral-high-400 base-text-[calc(theme(fontSize.xs)_*_var(--font-size,_1))] base-font-normal base-font-primary base-text-neutral-low-500 base-text-left\">A influenciadora tinha apenas 15 anos quando recebeu o diagn\u00f3stico de linfoma de Hodgkin. Aos 17, ela come\u00e7ou a ganhar popularidade nas redes sociais compartilhando a rotina de tratamento. Ela acumulava mais de 3 milh\u00f5es de seguidores no Instagram.<\/p>\n<p class=\"jarvics:base-text-neutral-high-400 base-text-[calc(theme(fontSize.xs)_*_var(--font-size,_1))] base-font-normal base-font-primary base-text-neutral-low-500 base-text-left\">A influenciadora se casou com Lucas Borbas, de 27 anos, em 2024. No mesmo ano, ela gerou discuss\u00f5es nas redes sociais ap\u00f3s anunciar que estava gr\u00e1vida. Na ocasi\u00e3o, Isabel afirmou que os m\u00e9dicos teriam lhe dado uma expectativa de vida de 6 meses.<\/p>\n<p class=\"jarvics:base-text-neutral-high-400 base-text-[calc(theme(fontSize.xs)_*_var(--font-size,_1))] base-font-normal base-font-primary base-text-neutral-low-500 base-text-left\">O filho de Isabel, Arthur, nasceu em 29 de dezembro de 2024. Ele foi prematuro, com um parto de 32 semanas, porque o c\u00e2ncer da influenciadora havia se espalhado para os pulm\u00f5es. Ela interrompeu o tratamento para poder amamentar.<\/p>\n<p><video controls=\"\" class=\"video-js\" preload=\"metadata\" poster=\"https:\/\/d22yf0mxeu0gma.cloudfront.net\/01-10-2026\/t_511f296bed5140c3af64f368c04392c4_name_file_960x540_1600_v4_.jpg\" title=\"Influenciadora Isabel Veloso morre aos 19 anos ap&#xF3;s batalha contra c&#xE2;ncer\" data-sprite-url=\"\" data-metadata=\"{&quot;title&quot;:&quot;Influenciadora Isabel Veloso morre aos 19 anos ap&#xF3;s batalha contra c&#xE2;ncer&quot;,&quot;sectionName&quot;:&quot;R7&quot;,&quot;mainSection&quot;:&quot;Famosos e TV&quot;,&quot;subSection&quot;:&quot;&quot;,&quot;views&quot;:&quot;&quot;,&quot;disableAdv&quot;:&quot;false&quot;,&quot;createdDate&quot;:&quot;2026-01-10T18:09:06Z&quot;,&quot;mainSectionUrl&quot;:&quot;https:\/\/record.r7.com\/balanco-geral\/video\/influenciadora-isabel-veloso-morre-aos-19-anos-apos-batalha-contra-cancer-10012026\/&quot;,&quot;sectionPath&quot;:&quot;https:\/\/record.r7.com\/balanco-geral&quot;,&quot;ageRating&quot;:&quot;&quot;,&quot;ageRatingDescription&quot;:&quot;&quot;,&quot;duration&quot;:429248,&quot;playerUrl&quot;:&quot;https:\/\/record.r7.com\/player\/50339288-7e2b-42fc-9a67-506b8fd3aeba\/&quot;}\" data-player-params=\"{&quot;p&quot;:&quot;true&quot;,&quot;autoPlay&quot;:&quot;false&quot;,&quot;logo&quot;:&quot;true&quot;,&quot;playlistId&quot;:&quot;false&quot;,&quot;calhau&quot;:&quot;false&quot;,&quot;share&quot;:&quot;true&quot;,&quot;sz&quot;:&quot;false&quot;,&quot;full&quot;:&quot;true&quot;,&quot;customAdHash&quot;:&quot;\/7542\/R7entretenimento\/famosostv&quot;,&quot;referrerUrl&quot;:&quot;&quot;,&quot;externalLinks&quot;:&quot;true&quot;,&quot;debug&quot;:&quot;false&quot;,&quot;debugHash&quot;:&quot;false&quot;,&quot;debugRelated&quot;:&quot;false&quot;,&quot;timerRelated&quot;:&quot;true&quot;,&quot;logoRecord&quot;:&quot;false&quot;,&quot;contextModal&quot;:&quot;false&quot;,&quot;parentUrl&quot;:&quot;https:\/\/record.r7.com\/&quot;,&quot;t&quot;:&quot;0&quot;,&quot;noTitle&quot;:false,&quot;endBehavior&quot;:&quot;default&quot;}\" data-related-videos=\"[{&quot;title&quot;:&quot;Gardinali mostra com&#xE9;rcio na Rua 25 de Mar&#xE7;o impulsionado pela volta &#xE0;s aulas&quot;,&quot;thumb&quot;:&quot;https:\/\/d22yf0mxeu0gma.cloudfront.net\/01-10-2026\/t_ec015bc56ebd461aac56beca07bceeb1_name_file_960x540_1600_v4_.jpg&quot;,&quot;url&quot;:&quot;https:\/\/record.r7.com\/balanco-geral\/video\/gardinali-mostra-comercio-na-rua-25-de-marco-impulsionado-pela-volta-as-aulas-10012026\/&quot;,&quot;embedUrl&quot;:&quot;https:\/\/record.r7.com\/player\/6547f939-048c-47e7-9146-648a329aa7d5\/&quot;},{&quot;title&quot;:&quot;Buscas s&#xE3;o intensificadas por cabo desaparecido na represa Guarapiranga, em SP&quot;,&quot;thumb&quot;:&quot;https:\/\/d22yf0mxeu0gma.cloudfront.net\/01-10-2026\/t_09d9f2d479da4f96b86cc972096f0f40_name_file_960x540_1600_v4_.jpg&quot;,&quot;url&quot;:&quot;https:\/\/record.r7.com\/balanco-geral\/video\/buscas-sao-intensificadas-por-cabo-desaparecido-na-represa-guarapiranga-em-sp-10012026\/&quot;,&quot;embedUrl&quot;:&quot;https:\/\/record.r7.com\/player\/422a8b8f-1280-4ba0-933d-57cae3734e1e\/&quot;},{&quot;title&quot;:&quot;Dudu Camargo comanda desafio do p&#xEA;nalti no Viaduto do Ch&#xE1;, centro de S&#xE3;o Paulo&quot;,&quot;thumb&quot;:&quot;https:\/\/d22yf0mxeu0gma.cloudfront.net\/01-10-2026\/t_086b2bb35ae04ad294da161ced63a643_name_file_960x540_1600_v4_.jpg&quot;,&quot;url&quot;:&quot;https:\/\/record.r7.com\/balanco-geral\/video\/dudu-camargo-comanda-desafio-do-penalti-no-viaduto-do-cha-centro-de-sao-paulo-10012026\/&quot;,&quot;embedUrl&quot;:&quot;https:\/\/record.r7.com\/player\/e4da7060-f2a7-4307-bb68-6606c0ca0c97\/&quot;}]\" data-player-url=\"https:\/\/record.r7.com\/player\/50339288-7e2b-42fc-9a67-506b8fd3aeba\/\" data-arc-video=\"\" data-arc-id=\"50339288-7e2b-42fc-9a67-506b8fd3aeba\" data-short=\"false\" style=\"visibility:hidden\"><\/video><\/p>\n","protected":false},"excerpt":{"rendered":"Isabel com o marido e o filho Reprodu\u00e7\u00e3o\/Instagram @isabelveloso Isabel Veloso, influenciadora que tornou p\u00fablica sua luta contra&hellip;\n","protected":false},"author":2,"featured_media":224170,"comment_status":"","ping_status":"","sticky":false,"template":"","format":"standard","meta":{"footnotes":""},"categories":[145],"tags":[1776,211,210,114,115,7733,32,33],"class_list":{"0":"post-224169","1":"post","2":"type-post","3":"status-publish","4":"format-standard","5":"has-post-thumbnail","7":"category-celebridades","8":"tag-cancer","9":"tag-celebridades","10":"tag-celebrities","11":"tag-entertainment","12":"tag-entretenimento","13":"tag-isabel-veloso","14":"tag-portugal","15":"tag-pt"},"share_on_mastodon":{"url":"https:\/\/pubeurope.com\/@pt\/115873555582632125","error":""},"_links":{"self":[{"href":"https:\/\/www.europesays.com\/pt\/wp-json\/wp\/v2\/posts\/224169","targetHints":{"allow":["GET"]}}],"collection":[{"href":"https:\/\/www.europesays.com\/pt\/wp-json\/wp\/v2\/posts"}],"about":[{"href":"https:\/\/www.europesays.com\/pt\/wp-json\/wp\/v2\/types\/post"}],"author":[{"embeddable":true,"href":"https:\/\/www.europesays.com\/pt\/wp-json\/wp\/v2\/users\/2"}],"replies":[{"embeddable":true,"href":"https:\/\/www.europesays.com\/pt\/wp-json\/wp\/v2\/comments?post=224169"}],"version-history":[{"count":0,"href":"https:\/\/www.europesays.com\/pt\/wp-json\/wp\/v2\/posts\/224169\/revisions"}],"wp:featuredmedia":[{"embeddable":true,"href":"https:\/\/www.europesays.com\/pt\/wp-json\/wp\/v2\/media\/224170"}],"wp:attachment":[{"href":"https:\/\/www.europesays.com\/pt\/wp-json\/wp\/v2\/media?parent=224169"}],"wp:term":[{"taxonomy":"category","embeddable":true,"href":"https:\/\/www.europesays.com\/pt\/wp-json\/wp\/v2\/categories?post=224169"},{"taxonomy":"post_tag","embeddable":true,"href":"https:\/\/www.europesays.com\/pt\/wp-json\/wp\/v2\/tags?post=224169"}],"curies":[{"name":"wp","href":"https:\/\/api.w.org\/{rel}","templated":true}]}}