{"id":224171,"date":"2026-01-11T00:13:08","date_gmt":"2026-01-11T00:13:08","guid":{"rendered":"https:\/\/www.europesays.com\/pt\/224171\/"},"modified":"2026-01-11T00:13:08","modified_gmt":"2026-01-11T00:13:08","slug":"nelson-oliveira-e-expulso-e-provoca-os-adeptos-rivais-maisfutebol","status":"publish","type":"post","link":"https:\/\/www.europesays.com\/pt\/224171\/","title":{"rendered":"N\u00e9lson Oliveira \u00e9 expulso e provoca os adeptos rivais &#8211; Maisfutebol"},"content":{"rendered":"<ol>\n<li><a href=\"https:\/\/news.google.com\/rss\/articles\/CBMisgFBVV95cUxPMFNGc2lzMDRPTXVxQ1R2ZGJyRVloNWlrTXZ6Sm9XMXFEQTFxamRNS3loRE9JLTdyTnNmWFlrX3VlME9jaFZOd3d0Skc5eFBYRzRZNEtwNXQ2U2hRNm8zeFpqRTB4czV4MklwcTRYNzBWTzNFeFRNM1drLWVmNmp6ZHJJdzhJRGg2VHRWTGNfb2g5dnJja1lSdEphS1VJbjNkQmZQQktleGhMUUxqU3k2TWFB?oc=5\" target=\"_blank\" rel=\"nofollow noopener\">N\u00e9lson Oliveira \u00e9 expulso e provoca os adeptos rivais<\/a>&nbsp;&nbsp;Maisfutebol<\/li>\n<li><a href=\"https:\/\/news.google.com\/rss\/articles\/CBMivgFBVV95cUxNX1pBZHZSSWFFR29yZGMyMlg4NTYydFN3VTBZSUFqa2tMZ0ZINlh3TXVnd1h4bnB0T2dXZVVQOUx2bEMxX3hHbk9lX19NeWxMNlRBeEpTLTN4X2JVVXJfYmo1QjBhd2RQQ3c1d1R6Nzg1NWlqVExaVkdvZjZFamd3M3pseTVUenNmRE5UX21HRVNRX01JRlUxUVNrcXpmYjVIZ0trclNZTk9ZZ0xWOHNGTGxPOW81bWtEeVcwSkpR?oc=5\" target=\"_blank\" rel=\"nofollow noopener\">N\u00e9lson Oliveira: \u00abCom todo o respeito pelo Benfica, este t\u00edtulo no Vit\u00f3ria&#8230;\u00bb<\/a>&nbsp;&nbsp;A Bola<\/li>\n<li><a href=\"https:\/\/news.google.com\/rss\/articles\/CBMi9AFBVV95cUxOXzN3bS1Fa2RzY1JIVGFkQUZoOGdRN3BUVUNlYzdjTk9TZnBPZVo1MzctSm1YTGpPeVNtcDlDYVpMeWY0d2Q0RGxyd3pRVF9WRnVCVnlNeklmQVpEUkhKSXo0LS05TXNWRU9YcEhaQmZxUllNblhLaWhUdlBOU3lJNHNxZC1BWnF3anI3Q1JXdjF0aUlEY2lKMEpYMTNJbi1ISDJVVmdtWmNnWjFUNldNX2dlXzVlOElobkl6RGpYTGUyRmpfRE9SdmQ0aFVVeWlqSnpydHhhRV9qVVV4TVFQUlZMd1JpVjhzcGtfaDZncngwNTBS?oc=5\" target=\"_blank\" rel=\"nofollow noopener\">Final escaldante: N\u00e9lson Oliveira provoca banco do Sp. Braga e vira-se para os adeptos colocando as m\u00e3os nas orelhas<\/a>&nbsp;&nbsp;Record<\/li>\n<li><a href=\"https:\/\/news.google.com\/rss\/articles\/CBMi2AFBVV95cUxOeE1ndlkzZTU2ZXhodkRNeTFDUUJ6RUVCcWpKbW9tc0R0a1JsODRqb3ZCYjVacXd0M2hZNWdQQmhaZUxoZlZReUplRzNNdGgzWm5Fb3ZjS1ZCRnN5YmdocmQ5V1FiM1NDam1VQ09zNGhkVXVDaVM4OTNSV1hFV01ZdFYySHdSVm1GNFlqSUxNQVp6ZFVNcWlkNWZkbkpkUzRib01JRkFTRzEtNW5tVm9CSEp5blpNZTlHanRqQ3FlVGJFV1lJdm8yWEl1eXBHYUU5VGR1cW42NFU?oc=5\" target=\"_blank\" rel=\"nofollow noopener\">N\u00e9lson Oliveira responde a cr\u00edticos e reage \u00e0 conquista do Vit\u00f3ria SC: \u00ab\u00c9 indescrit\u00edvel\u00bb<\/a>&nbsp;&nbsp;Bola na Rede<\/li>\n<li><a href=\"https:\/\/news.google.com\/rss\/articles\/CBMivgFBVV95cUxNdHlJYnJtMWU4MFRGOEFxdWFiTGZiZ3VlZjJ2MkJ5YVlvbW50dXBIQVhlNFVHRzFUU0tQUmF4TUh0bXNwM1lEN0l6V1RKRm1fV1Z4d3dKVmI0UTJ4Vk5taHBNaWxoaVA3MnVoTVMtcmtDTzA1TTFxd0ZNSko3VnZjZXpZd08za0VpRkR5WTNFUWpneksycndYZThFR1FiNmNaYTlmc1hMQ2w5Umk1bm12QWNKNjhibmhlY2hUU0Nn?oc=5\" target=\"_blank\" rel=\"nofollow noopener\">N\u00e9lson Oliveira: \u00abCom todo o respeito pelo Benfica, este t\u00edtulo pelo Vit\u00f3ria&#8230;\u00bb<\/a>&nbsp;&nbsp;SAPO<\/li>\n<\/ol>\n","protected":false},"excerpt":{"rendered":"N\u00e9lson Oliveira \u00e9 expulso e provoca os adeptos rivais&nbsp;&nbsp;Maisfutebol N\u00e9lson Oliveira: \u00abCom todo o respeito pelo Benfica, este&hellip;\n","protected":false},"author":2,"featured_media":224172,"comment_status":"","ping_status":"","sticky":false,"template":"","format":"standard","meta":{"footnotes":""},"categories":[87],"tags":[135,46,23597,32,33,47,1233,134,5344,2119],"class_list":{"0":"post-224171","1":"post","2":"type-post","3":"status-publish","4":"format-standard","5":"has-post-thumbnail","7":"category-desporto","8":"tag-desporto","9":"tag-maisfutebol","10":"tag-nelson-oliveira","11":"tag-portugal","12":"tag-pt","13":"tag-pura-paixao","14":"tag-sp-braga","15":"tag-sports","16":"tag-taca-da-liga","17":"tag-vitoria-guimaraes"},"share_on_mastodon":{"url":"https:\/\/pubeurope.com\/@pt\/115873579176949028","error":""},"_links":{"self":[{"href":"https:\/\/www.europesays.com\/pt\/wp-json\/wp\/v2\/posts\/224171","targetHints":{"allow":["GET"]}}],"collection":[{"href":"https:\/\/www.europesays.com\/pt\/wp-json\/wp\/v2\/posts"}],"about":[{"href":"https:\/\/www.europesays.com\/pt\/wp-json\/wp\/v2\/types\/post"}],"author":[{"embeddable":true,"href":"https:\/\/www.europesays.com\/pt\/wp-json\/wp\/v2\/users\/2"}],"replies":[{"embeddable":true,"href":"https:\/\/www.europesays.com\/pt\/wp-json\/wp\/v2\/comments?post=224171"}],"version-history":[{"count":0,"href":"https:\/\/www.europesays.com\/pt\/wp-json\/wp\/v2\/posts\/224171\/revisions"}],"wp:featuredmedia":[{"embeddable":true,"href":"https:\/\/www.europesays.com\/pt\/wp-json\/wp\/v2\/media\/224172"}],"wp:attachment":[{"href":"https:\/\/www.europesays.com\/pt\/wp-json\/wp\/v2\/media?parent=224171"}],"wp:term":[{"taxonomy":"category","embeddable":true,"href":"https:\/\/www.europesays.com\/pt\/wp-json\/wp\/v2\/categories?post=224171"},{"taxonomy":"post_tag","embeddable":true,"href":"https:\/\/www.europesays.com\/pt\/wp-json\/wp\/v2\/tags?post=224171"}],"curies":[{"name":"wp","href":"https:\/\/api.w.org\/{rel}","templated":true}]}}