{"id":224185,"date":"2026-01-11T00:33:18","date_gmt":"2026-01-11T00:33:18","guid":{"rendered":"https:\/\/www.europesays.com\/pt\/224185\/"},"modified":"2026-01-11T00:33:18","modified_gmt":"2026-01-11T00:33:18","slug":"mulher-morre-numa-colisao-violenta-em-agueda","status":"publish","type":"post","link":"https:\/\/www.europesays.com\/pt\/224185\/","title":{"rendered":"Mulher morre numa colis\u00e3o violenta em \u00c1gueda"},"content":{"rendered":"<p data-remotead-prev-elm=\"true\" data-remotead-elm-id=\"inread\">O alerta foi dado pelas 14.20 horas e a informa\u00e7\u00e3o inicial apontava para um despiste, mas \u00e0 chegada ao local os meios de socorro depararam-se com um cen\u00e1rio diferente: duas viaturas tinham colidido com viol\u00eancia e havia uma v\u00edtima mortal e um ferido ligeiro.<\/p>\n<p>A v\u00edtima \u00e9 uma mulher de 48 anos e o ferido leve \u00e9 um homem de 63 anos. Eram os &#8220;condutores&#8221; dos ve\u00edculos, adiantou o Tenente-Coronel Victor Ribeiro, oficial de Rela\u00e7\u00f5es P\u00fablicas da GNR de Aveiro.<\/p>\n<p>Para o local foram mobilizados meios dos Bombeiros Volunt\u00e1rios de \u00c1gueda, incluindo um carro de desencarceramento e uma ambul\u00e2ncia de socorro, para al\u00e9m de equipas do INEM e operacionais da GNR.<\/p>\n<p>A estrada foi cortada ao tr\u00e2nsito, para garantir o socorro e remo\u00e7\u00e3o do corpo. As circunst\u00e2ncias do acidente ser\u00e3o agora investigadas pelo N\u00facleo de Investiga\u00e7\u00e3o Criminal de Acidentes de Via\u00e7\u00e3o da GNR.<\/p>\n","protected":false},"excerpt":{"rendered":"O alerta foi dado pelas 14.20 horas e a informa\u00e7\u00e3o inicial apontava para um despiste, mas \u00e0 chegada&hellip;\n","protected":false},"author":2,"featured_media":224186,"comment_status":"","ping_status":"","sticky":false,"template":"","format":"standard","meta":{"footnotes":""},"categories":[10],"tags":[59,27,28,24260,36576,15,16,14,25,26,21,22,12,13,19,20,32,23,24,33,17,18,29,30,31],"class_list":{"0":"post-224185","1":"post","2":"type-post","3":"status-publish","4":"format-standard","5":"has-post-thumbnail","7":"category-portugal","8":"tag-acidente","9":"tag-breaking-news","10":"tag-breakingnews","11":"tag-colisao","12":"tag-concelho-agueda","13":"tag-featured-news","14":"tag-featurednews","15":"tag-headlines","16":"tag-latest-news","17":"tag-latestnews","18":"tag-main-news","19":"tag-mainnews","20":"tag-news","21":"tag-noticias","22":"tag-noticias-principais","23":"tag-noticiasprincipais","24":"tag-portugal","25":"tag-principais-noticias","26":"tag-principaisnoticias","27":"tag-pt","28":"tag-top-stories","29":"tag-topstories","30":"tag-ultimas","31":"tag-ultimas-noticias","32":"tag-ultimasnoticias"},"share_on_mastodon":{"url":"https:\/\/pubeurope.com\/@pt\/115873657987590322","error":""},"_links":{"self":[{"href":"https:\/\/www.europesays.com\/pt\/wp-json\/wp\/v2\/posts\/224185","targetHints":{"allow":["GET"]}}],"collection":[{"href":"https:\/\/www.europesays.com\/pt\/wp-json\/wp\/v2\/posts"}],"about":[{"href":"https:\/\/www.europesays.com\/pt\/wp-json\/wp\/v2\/types\/post"}],"author":[{"embeddable":true,"href":"https:\/\/www.europesays.com\/pt\/wp-json\/wp\/v2\/users\/2"}],"replies":[{"embeddable":true,"href":"https:\/\/www.europesays.com\/pt\/wp-json\/wp\/v2\/comments?post=224185"}],"version-history":[{"count":0,"href":"https:\/\/www.europesays.com\/pt\/wp-json\/wp\/v2\/posts\/224185\/revisions"}],"wp:featuredmedia":[{"embeddable":true,"href":"https:\/\/www.europesays.com\/pt\/wp-json\/wp\/v2\/media\/224186"}],"wp:attachment":[{"href":"https:\/\/www.europesays.com\/pt\/wp-json\/wp\/v2\/media?parent=224185"}],"wp:term":[{"taxonomy":"category","embeddable":true,"href":"https:\/\/www.europesays.com\/pt\/wp-json\/wp\/v2\/categories?post=224185"},{"taxonomy":"post_tag","embeddable":true,"href":"https:\/\/www.europesays.com\/pt\/wp-json\/wp\/v2\/tags?post=224185"}],"curies":[{"name":"wp","href":"https:\/\/api.w.org\/{rel}","templated":true}]}}