{"id":224187,"date":"2026-01-11T00:34:12","date_gmt":"2026-01-11T00:34:12","guid":{"rendered":"https:\/\/www.europesays.com\/pt\/224187\/"},"modified":"2026-01-11T00:34:12","modified_gmt":"2026-01-11T00:34:12","slug":"premio-nobel-da-paz-nao-pode-ser-transferido-para-donald-trump-nobel","status":"publish","type":"post","link":"https:\/\/www.europesays.com\/pt\/224187\/","title":{"rendered":"Pr\u00e9mio Nobel da Paz n\u00e3o pode ser transferido para Donald Trump | Nobel"},"content":{"rendered":"<p>O Instituto Nobel Noruegu\u00eas afirmou que o Pr\u00e9mio Nobel da Paz n\u00e3o pode ser transferido, partilhado ou revogado, na sequ\u00eancia de declara\u00e7\u00f5es da l\u00edder da oposi\u00e7\u00e3o venezuelana, Mar\u00eda Corina Machado, que sugeriram que esta poderia entregar o seu galard\u00e3o de 2025 ao Presidente dos Estados Unidos, Donald Trump.<\/p>\n<p>Num comunicado, o instituto declarou que a decis\u00e3o de atribuir um Pr\u00e9mio Nobel \u00e9 definitiva e permanente, citando os estatutos da Funda\u00e7\u00e3o Nobel, que n\u00e3o permitem recursos. A organiza\u00e7\u00e3o referiu ainda que os comit\u00e9s que atribuem os pr\u00e9mios n\u00e3o comentam as ac\u00e7\u00f5es ou declara\u00e7\u00f5es dos laureados ap\u00f3s a recep\u00e7\u00e3o dos mesmos.<\/p>\n<p>\u201cUma vez anunciado um Pr\u00e9mio Nobel, este n\u00e3o pode ser revogado, partilhado ou transferido para outrem\u201d, afirmaram o Comit\u00e9 Nobel Noruegu\u00eas e o Instituto Nobel Noruegu\u00eas na sexta-feira. \u201cA decis\u00e3o \u00e9 definitiva e permanece para sempre.\u201d<\/p>\n<p>Na segunda-feira, Corina Machado, em declara\u00e7\u00f5es a Sean Hannity na Fox News, afirmou que a entrega do pr\u00e9mio a Trump seria um acto de gratid\u00e3o do povo venezuelano pela destitui\u00e7\u00e3o de Nicol\u00e1s Maduro, o Presidente do pa\u00eds, que foi <a href=\"https:\/\/www.publico.pt\/2026\/01\/10\/mundo\/noticia\/meses-espionagem-minutos-accao-operacao-captura-perfeita-maduro-eua-2160477\" rel=\"nofollow noopener\" target=\"_blank\">capturado na semana passada<\/a> pelos Estados Unidos.<\/p>\n<p>\u201cEm algum momento ofereceu-se para lhe dar o Pr\u00e9mio Nobel da Paz?\u201d, perguntou Hannity. \u201cIsso aconteceu realmente?\u201d A l\u00edder da oposi\u00e7\u00e3o respondeu: \u201cBem, ainda n\u00e3o aconteceu.\u201d<\/p>\n<p>Trump, que h\u00e1 muito expressa interesse em vencer o pr\u00e9mio e que, por vezes, o associou a conquistas diplom\u00e1ticas, afirmou que se <a href=\"https:\/\/www.publico.pt\/2026\/01\/09\/mundo\/noticia\/trump-gostaria-corina-machado-oferecesse-nobel-2160585\" rel=\"nofollow noopener\" target=\"_blank\">sentiria honrado em aceitar o galard\u00e3o<\/a> caso este lhe fosse oferecido por Machado durante uma reuni\u00e3o planeada em Washington para a pr\u00f3xima semana.<\/p>\n<p>Machado, ex-membro da Assembleia Nacional, foi impedida de concorrer \u00e0s elei\u00e7\u00f5es gerais de 2024 na Venezuela por autoridades alinhadas com Maduro.<\/p>\n<p>Jarrett Renshaw, Reuters<\/p>\n","protected":false},"excerpt":{"rendered":"O Instituto Nobel Noruegu\u00eas afirmou que o Pr\u00e9mio Nobel da Paz n\u00e3o pode ser transferido, partilhado ou revogado,&hellip;\n","protected":false},"author":2,"featured_media":224188,"comment_status":"","ping_status":"","sticky":false,"template":"","format":"standard","meta":{"footnotes":""},"categories":[8],"tags":[27,28,92,15,16,14,25,26,21,22,62,12,11311,24802,13,19,20,32,23,24,33,17,18,29,30,31,3023],"class_list":{"0":"post-224187","1":"post","2":"type-post","3":"status-publish","4":"format-standard","5":"has-post-thumbnail","7":"category-principais-noticias","8":"tag-breaking-news","9":"tag-breakingnews","10":"tag-donald-trump","11":"tag-featured-news","12":"tag-featurednews","13":"tag-headlines","14":"tag-latest-news","15":"tag-latestnews","16":"tag-main-news","17":"tag-mainnews","18":"tag-mundo","19":"tag-news","20":"tag-nobel","21":"tag-nobel-da-paz","22":"tag-noticias","23":"tag-noticias-principais","24":"tag-noticiasprincipais","25":"tag-portugal","26":"tag-principais-noticias","27":"tag-principaisnoticias","28":"tag-pt","29":"tag-top-stories","30":"tag-topstories","31":"tag-ultimas","32":"tag-ultimas-noticias","33":"tag-ultimasnoticias","34":"tag-venezuela"},"share_on_mastodon":{"url":"https:\/\/pubeurope.com\/@pt\/115873661927650326","error":""},"_links":{"self":[{"href":"https:\/\/www.europesays.com\/pt\/wp-json\/wp\/v2\/posts\/224187","targetHints":{"allow":["GET"]}}],"collection":[{"href":"https:\/\/www.europesays.com\/pt\/wp-json\/wp\/v2\/posts"}],"about":[{"href":"https:\/\/www.europesays.com\/pt\/wp-json\/wp\/v2\/types\/post"}],"author":[{"embeddable":true,"href":"https:\/\/www.europesays.com\/pt\/wp-json\/wp\/v2\/users\/2"}],"replies":[{"embeddable":true,"href":"https:\/\/www.europesays.com\/pt\/wp-json\/wp\/v2\/comments?post=224187"}],"version-history":[{"count":0,"href":"https:\/\/www.europesays.com\/pt\/wp-json\/wp\/v2\/posts\/224187\/revisions"}],"wp:featuredmedia":[{"embeddable":true,"href":"https:\/\/www.europesays.com\/pt\/wp-json\/wp\/v2\/media\/224188"}],"wp:attachment":[{"href":"https:\/\/www.europesays.com\/pt\/wp-json\/wp\/v2\/media?parent=224187"}],"wp:term":[{"taxonomy":"category","embeddable":true,"href":"https:\/\/www.europesays.com\/pt\/wp-json\/wp\/v2\/categories?post=224187"},{"taxonomy":"post_tag","embeddable":true,"href":"https:\/\/www.europesays.com\/pt\/wp-json\/wp\/v2\/tags?post=224187"}],"curies":[{"name":"wp","href":"https:\/\/api.w.org\/{rel}","templated":true}]}}