{"id":224198,"date":"2026-01-11T00:48:14","date_gmt":"2026-01-11T00:48:14","guid":{"rendered":"https:\/\/www.europesays.com\/pt\/224198\/"},"modified":"2026-01-11T00:48:14","modified_gmt":"2026-01-11T00:48:14","slug":"arquivado-inquerito-contra-gesto-de-mariana-mortagua-no-parlamento","status":"publish","type":"post","link":"https:\/\/www.europesays.com\/pt\/224198\/","title":{"rendered":"Arquivado inqu\u00e9rito contra &#8220;gesto&#8221; de Mariana Mort\u00e1gua no Parlamento"},"content":{"rendered":"<p>O pedido de inqu\u00e9rito apresentado pelo grupo parlamentar do CDS-PP ao gesto de Mariana Mort\u00e1gua no Parlamento, no passado dia 10 de dezembro, alegadamente dirigido ao deputado Paulo N\u00fancio, foi arquivado.<\/p>\n<p>Este s\u00e1bado, 10 de janeiro, foi comunicado que <strong>a Comiss\u00e3o de Transpar\u00eancia e Estatuto dos Deputados deliberou, no dia 7 de janeiro, considerar o pedido de inqu\u00e9rito &#8220;sem efeito, por se encontrar prejudicado pelo pedido de ren\u00fancia ao mandato&#8221; da deputada Mariana Mort\u00e1gua, que foi aprovado pela comiss\u00e3o na mesma data.<\/strong>    <\/p>\n<p>Recorde-se que a deputada do Bloco de Esquerda levantou a m\u00e3o direita com o punho fechado, com exce\u00e7\u00e3o dos dedos indicador e mindinho, durante uma interven\u00e7\u00e3o do deputado do CDS-PP Paulo N\u00fancio, no Parlamento (ver fotografia).<\/p>\n<p>Esse gesto foi interpretado como dirigido a Paulo N\u00fancio, que, em conjunto com o seu colega de partido e tamb\u00e9m deputado, Jo\u00e3o Pinho de Almeida, decidiram apresentar, a 15 de dezembro, ao Presidente da Assembleia da Rep\u00fablica, um requerimento de abertura de inqu\u00e9rito pelo ocorrido.<\/p>\n<p>O gesto de Mariana Mort\u00e1gua &#8220;consubstancia um comportamento ofensivo, degradante e impr\u00f3prio, incompat\u00edvel com a dignidade e o decoro parlamentar&#8221;, justificaram os requerentes. <\/p>\n","protected":false},"excerpt":{"rendered":"O pedido de inqu\u00e9rito apresentado pelo grupo parlamentar do CDS-PP ao gesto de Mariana Mort\u00e1gua no Parlamento, no&hellip;\n","protected":false},"author":2,"featured_media":193623,"comment_status":"","ping_status":"","sticky":false,"template":"","format":"standard","meta":{"footnotes":""},"categories":[8],"tags":[454,27,28,15,16,43247,14,25,26,21,22,1737,12,13,19,20,4532,20746,32,23,24,33,17,18,29,30,31],"class_list":{"0":"post-224198","1":"post","2":"type-post","3":"status-publish","4":"format-standard","5":"has-post-thumbnail","7":"category-principais-noticias","8":"tag-bloco-de-esquerda","9":"tag-breaking-news","10":"tag-breakingnews","11":"tag-featured-news","12":"tag-featurednews","13":"tag-gesto-obsceno","14":"tag-headlines","15":"tag-latest-news","16":"tag-latestnews","17":"tag-main-news","18":"tag-mainnews","19":"tag-mariana-mortagua","20":"tag-news","21":"tag-noticias","22":"tag-noticias-principais","23":"tag-noticiasprincipais","24":"tag-parlamento","25":"tag-paulo-nuncio","26":"tag-portugal","27":"tag-principais-noticias","28":"tag-principaisnoticias","29":"tag-pt","30":"tag-top-stories","31":"tag-topstories","32":"tag-ultimas","33":"tag-ultimas-noticias","34":"tag-ultimasnoticias"},"share_on_mastodon":{"url":"https:\/\/pubeurope.com\/@pt\/115873717148631703","error":""},"_links":{"self":[{"href":"https:\/\/www.europesays.com\/pt\/wp-json\/wp\/v2\/posts\/224198","targetHints":{"allow":["GET"]}}],"collection":[{"href":"https:\/\/www.europesays.com\/pt\/wp-json\/wp\/v2\/posts"}],"about":[{"href":"https:\/\/www.europesays.com\/pt\/wp-json\/wp\/v2\/types\/post"}],"author":[{"embeddable":true,"href":"https:\/\/www.europesays.com\/pt\/wp-json\/wp\/v2\/users\/2"}],"replies":[{"embeddable":true,"href":"https:\/\/www.europesays.com\/pt\/wp-json\/wp\/v2\/comments?post=224198"}],"version-history":[{"count":0,"href":"https:\/\/www.europesays.com\/pt\/wp-json\/wp\/v2\/posts\/224198\/revisions"}],"wp:featuredmedia":[{"embeddable":true,"href":"https:\/\/www.europesays.com\/pt\/wp-json\/wp\/v2\/media\/193623"}],"wp:attachment":[{"href":"https:\/\/www.europesays.com\/pt\/wp-json\/wp\/v2\/media?parent=224198"}],"wp:term":[{"taxonomy":"category","embeddable":true,"href":"https:\/\/www.europesays.com\/pt\/wp-json\/wp\/v2\/categories?post=224198"},{"taxonomy":"post_tag","embeddable":true,"href":"https:\/\/www.europesays.com\/pt\/wp-json\/wp\/v2\/tags?post=224198"}],"curies":[{"name":"wp","href":"https:\/\/api.w.org\/{rel}","templated":true}]}}