{"id":224213,"date":"2026-01-11T01:06:13","date_gmt":"2026-01-11T01:06:13","guid":{"rendered":"https:\/\/www.europesays.com\/pt\/224213\/"},"modified":"2026-01-11T01:06:13","modified_gmt":"2026-01-11T01:06:13","slug":"apos-fotos-ineditas-de-afonso-leitao-catarina-miranda-reage-a-gesto-inconveniente","status":"publish","type":"post","link":"https:\/\/www.europesays.com\/pt\/224213\/","title":{"rendered":"Ap\u00f3s fotos in\u00e9ditas de Afonso Leit\u00e3o, Catarina Miranda reage a gesto &#8220;inconveniente&#8221;!"},"content":{"rendered":"<p>No passado m\u00eas de dezembro, <a href=\"https:\/\/selfie.iol.pt\/famosos\/casa-dos-segredos\/longe-de-portugal-e-ao-lado-de-homem-especial-catarina-miranda-confessa-roubou-o-meu-coracao\/20251217\/6942898ad34e3caad84c7a84\" target=\"_blank\" rel=\"nofollow noopener\">Catarina Miranda<\/a> e <a href=\"https:\/\/selfie.iol.pt\/famosos\/maycon-douglas\/amigos-gracas-a-secret-story-afonso-leitao-reage-a-morte-de-maycon-douglas-com-duas-garantias\/20260107\/695ebe3ed34e92a344971bbe\" target=\"_blank\" rel=\"nofollow noopener\">Afonso Leit\u00e3o<\/a> fugiram do frio e da chuva e rumaram a Cabo Verde.<\/p>\n<p>No Instagram, o finalista do &#8220;<a href=\"https:\/\/tvi.iol.pt\/bigbrother\/\" target=\"_blank\" rel=\"nofollow noopener\">Big Brother<\/a> Ver\u00e3o&#8221; continua a partilhar uma s\u00e9rie de fotografias in\u00e9ditas dessa viagem \u00fanica. &#8220;Onde fui feliz&#8221;, garantiu Afonso Leit\u00e3o na legenda das imagens.<\/p>\n<p>Na caixa de coment\u00e1rios da publica\u00e7\u00e3o, pode ler-se muitos elogios. Mas h\u00e1 uma mensagem que se destaca. &#8220;Ela \u00e9 mandona&#8221;, assinalou uma seguidora. Assumindo que se tratava de uma mensagem endere\u00e7ada a si, Catarina Miranda respondeu \u00e0 letra: &#8220;E voc\u00ea \u00e9 inconveniente\u2026 Agora pense.&#8221;<\/p>\n<p>Veja, agora, as imagens partilhadas por Afonso Leit\u00e3o na galeria de fotografias que prepar\u00e1mos para si.<\/p>\n","protected":false},"excerpt":{"rendered":"No passado m\u00eas de dezembro, Catarina Miranda e Afonso Leit\u00e3o fugiram do frio e da chuva e rumaram&hellip;\n","protected":false},"author":2,"featured_media":224214,"comment_status":"","ping_status":"","sticky":false,"template":"","format":"standard","meta":{"footnotes":""},"categories":[142],"tags":[2031,2632,342,114,115,980,1015,619,32,33,1014,1315,1012,151,162],"class_list":{"0":"post-224213","1":"post","2":"type-post","3":"status-publish","4":"format-standard","5":"has-post-thumbnail","7":"category-tv","8":"tag-afonso-leitao","9":"tag-casa-dos-segredos","10":"tag-catarina-miranda","11":"tag-entertainment","12":"tag-entretenimento","13":"tag-famosos","14":"tag-instagram","15":"tag-nacional","16":"tag-portugal","17":"tag-pt","18":"tag-reality-show","19":"tag-secret-story","20":"tag-selfie","21":"tag-tv","22":"tag-tvi"},"share_on_mastodon":{"url":"https:\/\/pubeurope.com\/@pt\/115873787664821642","error":""},"_links":{"self":[{"href":"https:\/\/www.europesays.com\/pt\/wp-json\/wp\/v2\/posts\/224213","targetHints":{"allow":["GET"]}}],"collection":[{"href":"https:\/\/www.europesays.com\/pt\/wp-json\/wp\/v2\/posts"}],"about":[{"href":"https:\/\/www.europesays.com\/pt\/wp-json\/wp\/v2\/types\/post"}],"author":[{"embeddable":true,"href":"https:\/\/www.europesays.com\/pt\/wp-json\/wp\/v2\/users\/2"}],"replies":[{"embeddable":true,"href":"https:\/\/www.europesays.com\/pt\/wp-json\/wp\/v2\/comments?post=224213"}],"version-history":[{"count":0,"href":"https:\/\/www.europesays.com\/pt\/wp-json\/wp\/v2\/posts\/224213\/revisions"}],"wp:featuredmedia":[{"embeddable":true,"href":"https:\/\/www.europesays.com\/pt\/wp-json\/wp\/v2\/media\/224214"}],"wp:attachment":[{"href":"https:\/\/www.europesays.com\/pt\/wp-json\/wp\/v2\/media?parent=224213"}],"wp:term":[{"taxonomy":"category","embeddable":true,"href":"https:\/\/www.europesays.com\/pt\/wp-json\/wp\/v2\/categories?post=224213"},{"taxonomy":"post_tag","embeddable":true,"href":"https:\/\/www.europesays.com\/pt\/wp-json\/wp\/v2\/tags?post=224213"}],"curies":[{"name":"wp","href":"https:\/\/api.w.org\/{rel}","templated":true}]}}