{"id":224215,"date":"2026-01-11T01:07:09","date_gmt":"2026-01-11T01:07:09","guid":{"rendered":"https:\/\/www.europesays.com\/pt\/224215\/"},"modified":"2026-01-11T01:07:09","modified_gmt":"2026-01-11T01:07:09","slug":"confira-as-dezenas-sorteadas-no-concurso-2958-da-mega-sena","status":"publish","type":"post","link":"https:\/\/www.europesays.com\/pt\/224215\/","title":{"rendered":"Confira as dezenas sorteadas no concurso 2958 da Mega-Sena"},"content":{"rendered":"<p>O sorteio do\u00a0<strong>concurso 2958 da Mega-Sena<\/strong>\u00a0foi realizado na noite deste s\u00e1bado (10), em S\u00e3o Paulo. O pr\u00eamio para quem acertar as seis dezenas pode chegar a R$ 13,6 milh\u00f5es.<\/p>\n<p>Confira as dezenas sorteadas:\u00a0<strong>07 \u2013 09 \u2013 14 \u2013 35 \u2013 42 \u2013 49.<\/strong><\/p>\n<p>O pr\u00eamio total \u00e9 de\u00a0<strong>R$ 13.651.961,67<\/strong>.<\/p>\n<p>O pr\u00f3ximo sorteio da Mega-Sena ser\u00e1 na ter\u00e7a-feira (13).<\/p>\n<p><strong>FIQUE BEM INFORMADO:<\/strong><br \/>Fique por dentro do que acontece em Santa Catarina!<br \/>Entre agora no nosso canal no WhatsApp e receba as principais not\u00edcias direto no seu celular.<\/p>\n<p><img class=\"lazyload\" decoding=\"async\" src=\"https:\/\/s.w.org\/images\/core\/emoji\/17.0.2\/svg\/1f449.svg\" alt=\"\ud83d\udc49\"\/><\/p>\n<p><a href=\"https:\/\/www.whatsapp.com\/channel\/0029Vb69tlYHVvTYG1jjUH1k\" rel=\"nofollow noopener\" target=\"_blank\"><strong>Clique aqui e acompanhe<\/strong>.<\/a><\/p>\n","protected":false},"excerpt":{"rendered":"O sorteio do\u00a0concurso 2958 da Mega-Sena\u00a0foi realizado na noite deste s\u00e1bado (10), em S\u00e3o Paulo. O pr\u00eamio para&hellip;\n","protected":false},"author":2,"featured_media":124004,"comment_status":"","ping_status":"","sticky":false,"template":"","format":"standard","meta":{"footnotes":""},"categories":[141],"tags":[43248,43249,114,115,28610,149,150,32,33],"class_list":{"0":"post-224215","1":"post","2":"type-post","3":"status-publish","4":"format-standard","5":"has-post-thumbnail","7":"category-musica","8":"tag-concurso-2958","9":"tag-confira-dezenas-sorteadas","10":"tag-entertainment","11":"tag-entretenimento","12":"tag-mega-sena","13":"tag-music","14":"tag-musica","15":"tag-portugal","16":"tag-pt"},"share_on_mastodon":{"url":"https:\/\/pubeurope.com\/@pt\/115873791545790280","error":""},"_links":{"self":[{"href":"https:\/\/www.europesays.com\/pt\/wp-json\/wp\/v2\/posts\/224215","targetHints":{"allow":["GET"]}}],"collection":[{"href":"https:\/\/www.europesays.com\/pt\/wp-json\/wp\/v2\/posts"}],"about":[{"href":"https:\/\/www.europesays.com\/pt\/wp-json\/wp\/v2\/types\/post"}],"author":[{"embeddable":true,"href":"https:\/\/www.europesays.com\/pt\/wp-json\/wp\/v2\/users\/2"}],"replies":[{"embeddable":true,"href":"https:\/\/www.europesays.com\/pt\/wp-json\/wp\/v2\/comments?post=224215"}],"version-history":[{"count":0,"href":"https:\/\/www.europesays.com\/pt\/wp-json\/wp\/v2\/posts\/224215\/revisions"}],"wp:featuredmedia":[{"embeddable":true,"href":"https:\/\/www.europesays.com\/pt\/wp-json\/wp\/v2\/media\/124004"}],"wp:attachment":[{"href":"https:\/\/www.europesays.com\/pt\/wp-json\/wp\/v2\/media?parent=224215"}],"wp:term":[{"taxonomy":"category","embeddable":true,"href":"https:\/\/www.europesays.com\/pt\/wp-json\/wp\/v2\/categories?post=224215"},{"taxonomy":"post_tag","embeddable":true,"href":"https:\/\/www.europesays.com\/pt\/wp-json\/wp\/v2\/tags?post=224215"}],"curies":[{"name":"wp","href":"https:\/\/api.w.org\/{rel}","templated":true}]}}