{"id":224218,"date":"2026-01-11T01:15:08","date_gmt":"2026-01-11T01:15:08","guid":{"rendered":"https:\/\/www.europesays.com\/pt\/224218\/"},"modified":"2026-01-11T01:15:08","modified_gmt":"2026-01-11T01:15:08","slug":"chuva-intensa-vento-e-agitacao-maritima-marcam-previsao-do-ipma-para-a-semana","status":"publish","type":"post","link":"https:\/\/www.europesays.com\/pt\/224218\/","title":{"rendered":"Chuva intensa, vento e agita\u00e7\u00e3o mar\u00edtima marcam previs\u00e3o do IPMA para a semana"},"content":{"rendered":"<p>O Instituto Portugu\u00eas do Mar e da Atmosfera (<a href=\"https:\/\/odigital.sapo.pt\/tag\/ipma\/\" id=\"s-a-embed-696278\" data-type=\"post_tag\" data-id=\"1571\" rel=\"nofollow noopener\" target=\"_blank\">IPMA<\/a>) prev\u00ea para a semana de 12 a 18 de janeiro de 2026 per\u00edodos de precipita\u00e7\u00e3o em Portugal continental, associados \u00e0 passagem de <a href=\"https:\/\/www.facebook.com\/JornalODigital\/\" target=\"_blank\" rel=\"noreferrer noopener nofollow\">sistemas<\/a> meteorol\u00f3gicos provenientes do quadrante oeste.<\/p>\n<p>De acordo com o IPMA, a precipita\u00e7\u00e3o poder\u00e1 ser forte na noite de 12 para 13 de janeiro, sobretudo no litoral norte, estando tamb\u00e9m previstos novos epis\u00f3dios nos dias 15 e 16, embora com alguma incerteza quanto \u00e0 evolu\u00e7\u00e3o do \u00faltimo evento, que poder\u00e1 igualmente incluir vento forte.<\/p>\n<p><strong>Chuva forte e poss\u00edvel vento intenso<\/strong><\/p>\n<p>Segundo o comunicado divulgado pelo IPMA, \u00abcontinuar\u00e3o a ocorrer per\u00edodos de precipita\u00e7\u00e3o devido \u00e0 passagem de sistemas meteorol\u00f3gicos inseridos num fluxo do quadrante oeste\u00bb, com maior intensidade prevista em alguns per\u00edodos da semana.<\/p>\n<p>Para os dias 15 e 16 de janeiro, o instituto refere que ainda existe incerteza na configura\u00e7\u00e3o meteorol\u00f3gica, n\u00e3o sendo exclu\u00edda a ocorr\u00eancia de vento forte associado \u00e0 precipita\u00e7\u00e3o.<\/p>\n<p><strong>Temperaturas acima da m\u00e9dia e possibilidade de neve<\/strong><\/p>\n<p>O IPMA indica que as temperaturas dever\u00e3o manter-se acima dos valores m\u00e9dios para a \u00e9poca. As temperaturas m\u00e1ximas dever\u00e3o variar entre os 7 e os 17 graus Celsius, enquanto as m\u00ednimas oscilar\u00e3o entre os 0 e os 10 graus.<\/p>\n<p>Pontualmente, a temperatura m\u00ednima poder\u00e1 atingir valores negativos, com previs\u00e3o de cerca de -1 grau no nordeste transmontano e at\u00e9 -3 graus na serra da Estrela. Nestas zonas mais elevadas, o IPMA admite a possibilidade de queda de neve no dia 13 de janeiro, nos pontos mais altos.<\/p>\n<p><strong>Agravamento do estado do mar na costa ocidental<\/strong><\/p>\n<p>Relativamente ao estado do mar, o IPMA prev\u00ea um agravamento progressivo na costa ocidental ao longo da semana. A altura significativa das ondas dever\u00e1 aproximar-se dos quatro metros at\u00e9 meio da semana, podendo ultrapassar os cinco metros no final do per\u00edodo em an\u00e1lise.<\/p>\n<p>O instituto aconselha o acompanhamento regular das previs\u00f5es e dos avisos meteorol\u00f3gicos emitidos ao longo da semana.<\/p>\n","protected":false},"excerpt":{"rendered":"O Instituto Portugu\u00eas do Mar e da Atmosfera (IPMA) prev\u00ea para a semana de 12 a 18 de&hellip;\n","protected":false},"author":2,"featured_media":224219,"comment_status":"","ping_status":"","sticky":false,"template":"","format":"standard","meta":{"footnotes":""},"categories":[10],"tags":[27,28,15,16,14,25,26,21,22,12,13,19,20,32,23,24,33,17,18,29,30,31],"class_list":{"0":"post-224218","1":"post","2":"type-post","3":"status-publish","4":"format-standard","5":"has-post-thumbnail","7":"category-portugal","8":"tag-breaking-news","9":"tag-breakingnews","10":"tag-featured-news","11":"tag-featurednews","12":"tag-headlines","13":"tag-latest-news","14":"tag-latestnews","15":"tag-main-news","16":"tag-mainnews","17":"tag-news","18":"tag-noticias","19":"tag-noticias-principais","20":"tag-noticiasprincipais","21":"tag-portugal","22":"tag-principais-noticias","23":"tag-principaisnoticias","24":"tag-pt","25":"tag-top-stories","26":"tag-topstories","27":"tag-ultimas","28":"tag-ultimas-noticias","29":"tag-ultimasnoticias"},"share_on_mastodon":{"url":"https:\/\/pubeurope.com\/@pt\/115873823211033450","error":""},"_links":{"self":[{"href":"https:\/\/www.europesays.com\/pt\/wp-json\/wp\/v2\/posts\/224218","targetHints":{"allow":["GET"]}}],"collection":[{"href":"https:\/\/www.europesays.com\/pt\/wp-json\/wp\/v2\/posts"}],"about":[{"href":"https:\/\/www.europesays.com\/pt\/wp-json\/wp\/v2\/types\/post"}],"author":[{"embeddable":true,"href":"https:\/\/www.europesays.com\/pt\/wp-json\/wp\/v2\/users\/2"}],"replies":[{"embeddable":true,"href":"https:\/\/www.europesays.com\/pt\/wp-json\/wp\/v2\/comments?post=224218"}],"version-history":[{"count":0,"href":"https:\/\/www.europesays.com\/pt\/wp-json\/wp\/v2\/posts\/224218\/revisions"}],"wp:featuredmedia":[{"embeddable":true,"href":"https:\/\/www.europesays.com\/pt\/wp-json\/wp\/v2\/media\/224219"}],"wp:attachment":[{"href":"https:\/\/www.europesays.com\/pt\/wp-json\/wp\/v2\/media?parent=224218"}],"wp:term":[{"taxonomy":"category","embeddable":true,"href":"https:\/\/www.europesays.com\/pt\/wp-json\/wp\/v2\/categories?post=224218"},{"taxonomy":"post_tag","embeddable":true,"href":"https:\/\/www.europesays.com\/pt\/wp-json\/wp\/v2\/tags?post=224218"}],"curies":[{"name":"wp","href":"https:\/\/api.w.org\/{rel}","templated":true}]}}