{"id":224224,"date":"2026-01-11T01:20:20","date_gmt":"2026-01-11T01:20:20","guid":{"rendered":"https:\/\/www.europesays.com\/pt\/224224\/"},"modified":"2026-01-11T01:20:20","modified_gmt":"2026-01-11T01:20:20","slug":"vem-ai-em-amor-a-prova-nico-fica-encantado-com-cris-enquanto-tomas-entra-em-panico-novelas","status":"publish","type":"post","link":"https:\/\/www.europesays.com\/pt\/224224\/","title":{"rendered":"Vem a\u00ed em \u00abAmor \u00e0 Prova\u00bb: Nico fica encantado com Cris, enquanto Tom\u00e1s entra em p\u00e2nico &#8211; Novelas"},"content":{"rendered":"<p>Em \u00abAmor \u00e0 Prova\u00bb, Alice (Mafalda Marafusta) e Tom\u00e1s (Jo\u00e3o Jesus) entreolham-se em p\u00e2nico. Cris (Jos\u00e9 Condessa) tenta disfar\u00e7ar as emo\u00e7\u00f5es que sente e pergunta a Nico (Salvador Biernat) se \u00e9 ele que vai vencer a leucemia. Nico pergunta se ele \u00e9 o dador e Alice acha melhor n\u00e3o mentir. Ana (Leonor Oliveira) e Nico festejam por terem encontrado um dador. Alice diz a Ana que um terramoto fazia menos estragos, mas ela n\u00e3o entende.<\/p>\n<p>Tom\u00e1s e Nico dirigem-se para o carro. Nico v\u00ea o carro de Cris e fica encantado. Alice explica a Ana que Cris al\u00e9m de compat\u00edvel, \u00e9 o pai biol\u00f3gico de Nico. Ana diz que n\u00e3o fazia ideia, nem nunca pensou que ele estivesse ali e pede desculpa pela confus\u00e3o que causou. Nico v\u00ea que o carro \u00e9 de Cris e fica ainda mais deslumbrado com o seu dador.<\/p>\n<p>O ambiente \u00e9 tenso. Nico n\u00e3o se cala com o carro de Cris e pergunta ao pai se um dia pode dar uma volta. Tom\u00e1s n\u00e3o podia ficar mais irritado e vai para o quarto. Alice explica melhor a Ana o tumulto que causou. Ela pede desculpa, mas tamb\u00e9m n\u00e3o tinha como adivinhar. Alice abra\u00e7a Ana e pede-lhe para contar aos pais que Cris \u00e9 compat\u00edvel.<\/p>\n<p>Alice vai ter com Tom\u00e1s, para tentar apaziguar o tumulto que a ida de Ana e Nico \u00e0 cl\u00ednica causou. Alice diz que talvez seja um sinal de que devem contar a verdade a Nico, mas Tom\u00e1s n\u00e3o quer pensar nessa hip\u00f3tese. Alice sugere que Tom\u00e1s conte a Afonso que Cris \u00e9 compat\u00edvel com Nico, para que n\u00e3o seja sempre o \u00faltimo a saber de tudo.<\/p>\n","protected":false},"excerpt":{"rendered":"Em \u00abAmor \u00e0 Prova\u00bb, Alice (Mafalda Marafusta) e Tom\u00e1s (Jo\u00e3o Jesus) entreolham-se em p\u00e2nico. Cris (Jos\u00e9 Condessa) tenta&hellip;\n","protected":false},"author":2,"featured_media":224225,"comment_status":"","ping_status":"","sticky":false,"template":"","format":"standard","meta":{"footnotes":""},"categories":[142],"tags":[13803,17049,160,41057,166,114,115,157,167,721,8203,164,161,158,165,159,32,33,156,42530,163,40030,151,162],"class_list":{"0":"post-224224","1":"post","2":"type-post","3":"status-publish","4":"format-standard","5":"has-post-thumbnail","7":"category-tv","8":"tag-nico","9":"tag-amor-a-prova","10":"tag-ana-guiomar","11":"tag-cris","12":"tag-cristina-ferreira","13":"tag-entertainment","14":"tag-entretenimento","15":"tag-festa-e-festa","16":"tag-ficcao","17":"tag-joao-jesus","18":"tag-jose-condessa","19":"tag-jose-fidalgo","20":"tag-novelas","21":"tag-para-sempre","22":"tag-pedro-sousa","23":"tag-pedro-teixeira","24":"tag-portugal","25":"tag-pt","26":"tag-queridos-papas","27":"tag-salvador-biernat","28":"tag-tiago-teotonio-pereira","29":"tag-tomas","30":"tag-tv","31":"tag-tvi"},"share_on_mastodon":{"url":"https:\/\/pubeurope.com\/@pt\/115873842748177780","error":""},"_links":{"self":[{"href":"https:\/\/www.europesays.com\/pt\/wp-json\/wp\/v2\/posts\/224224","targetHints":{"allow":["GET"]}}],"collection":[{"href":"https:\/\/www.europesays.com\/pt\/wp-json\/wp\/v2\/posts"}],"about":[{"href":"https:\/\/www.europesays.com\/pt\/wp-json\/wp\/v2\/types\/post"}],"author":[{"embeddable":true,"href":"https:\/\/www.europesays.com\/pt\/wp-json\/wp\/v2\/users\/2"}],"replies":[{"embeddable":true,"href":"https:\/\/www.europesays.com\/pt\/wp-json\/wp\/v2\/comments?post=224224"}],"version-history":[{"count":0,"href":"https:\/\/www.europesays.com\/pt\/wp-json\/wp\/v2\/posts\/224224\/revisions"}],"wp:featuredmedia":[{"embeddable":true,"href":"https:\/\/www.europesays.com\/pt\/wp-json\/wp\/v2\/media\/224225"}],"wp:attachment":[{"href":"https:\/\/www.europesays.com\/pt\/wp-json\/wp\/v2\/media?parent=224224"}],"wp:term":[{"taxonomy":"category","embeddable":true,"href":"https:\/\/www.europesays.com\/pt\/wp-json\/wp\/v2\/categories?post=224224"},{"taxonomy":"post_tag","embeddable":true,"href":"https:\/\/www.europesays.com\/pt\/wp-json\/wp\/v2\/tags?post=224224"}],"curies":[{"name":"wp","href":"https:\/\/api.w.org\/{rel}","templated":true}]}}